{"id":113,"date":"2024-12-28T13:49:58","date_gmt":"2024-12-28T16:49:58","guid":{"rendered":"https:\/\/enteculturalsantafesino.com.ar\/noreste\/?p=113"},"modified":"2024-12-28T13:49:59","modified_gmt":"2024-12-28T16:49:59","slug":"mas-de-400-alumnos-recibieron-su-certificado-de-formacion-en-la-ciudad-de-crespo","status":"publish","type":"post","link":"http:\/\/enteculturalsantafesino.com.ar\/noreste\/2024\/12\/28\/mas-de-400-alumnos-recibieron-su-certificado-de-formacion-en-la-ciudad-de-crespo\/","title":{"rendered":"M\u00e1s de 400 alumnos recibieron su certificado de formaci\u00f3n en la ciudad de Crespo"},"content":{"rendered":"\n<p>Con la premisa que la educaci\u00f3n es la base para todo progreso, durante este a\u00f1o hemos brindado diferentes capacitaciones para todas las preferencias y edades. El lunes 9 de diciembre en el Centro Cultural Municipal \u2018La Estaci\u00f3n\u2019, 400 alumnos recibieron su certificado por haber asistido a las 24 propuestas, adem\u00e1s que algunos talleres exhibieron los productos que hicieron durante este a\u00f1o.<\/p>\n\n\n\n<p>Este logro es posible gracias a la red de instituciones que durante a\u00f1os tenemos y fortalecemos con entidades como UTN Paran\u00e1, Facultad de Ingenier\u00eda y de Ciencias Econ\u00f3micas de UNER, Facultad de Ciencias de la Gesti\u00f3n (FCG), Facultad de Ciencias de la Vida y la Salud (FCVyS), Facultad de Ciencia y Tecnolog\u00eda (FCyT), Facultad de Humanidades, Artes y Ciencias Sociales (FHAyCS) de UADER y el Consejo General de Educaci\u00f3n, adem\u00e1s de nuestros cursos subvencionados por el municipio.<\/p>\n\n\n\n<ul class=\"wp-block-list\">\n<li><strong>MARCELO CERUTTI \u00abES UN ORGULLO PARA TODOS\u00bb<\/strong><\/li>\n<\/ul>\n\n\n\n<p>El acto formal el&nbsp;<strong>intendente Cerutti&nbsp;<\/strong>felicit\u00f3 a los m\u00e1s de 400 egresados y consider\u00f3 que&nbsp;<strong>este n\u00famero \u201ces un orgullo para todos\u201d<\/strong>. Agradeci\u00f3 el apoyo a las universidades, al Consejo General de educaci\u00f3n y empresas, a la asociaci\u00f3n Capital Nacional de la Avicultura.&nbsp;<strong>\u201cEl dar conocimiento, es dar trabajo.<\/strong>&nbsp;Cada uno que se recibe ya est\u00e1 trabajando ya sea en alg\u00fan lugar o en las redes y esto es la base de lo que es Crespo. Agregar conocimiento a la filosof\u00eda de trabajo y emprendedurismo hace que esta ciudad pueda crecer aun m\u00e1s\u201d.<\/p>\n\n\n\n<p>En su discurso el mandatario felicit\u00f3 a los alumnos por finalizar los cursos:<strong>&nbsp;\u201cesto para la municipalidad es un esfuerzo conseguir los cursos, abonar parte de las carreras, comprar los materiales y mantener estos lugares<\/strong>\u201d. Tambi\u00e9n destac\u00f3 el trabajo de los encargados del \u00c1rea, profesores y empleados municipales por el orden, limpieza y materiales necesario para estudiar.<\/p>\n\n\n\n<p>Para culminar Cerutti mencion\u00f3 que, en la actualidad, se est\u00e1 apostando a nuevas carreras tanto formales y no formales. A la vez hizo extensivo su saludo por las Fiestas. \u201c<strong>Deseo que podamos tener un fin de a\u00f1o en paz y que el 2025 sea con mucha salud y trabajo para todos\u201d.<\/strong><\/p>\n","protected":false},"excerpt":{"rendered":"<p>Con la premisa que la educaci\u00f3n es la base para todo progreso, durante este a\u00f1o hemos brindado [&hellip;]<\/p>\n","protected":false},"author":1,"featured_media":114,"comment_status":"open","ping_status":"open","sticky":false,"template":"","format":"standard","meta":{"spay_email":"","footnotes":"","jetpack_publicize_message":""},"categories":[6,7],"tags":[],"class_list":["post-113","post","type-post","status-publish","format-standard","has-post-thumbnail","hentry","category-crespo","category-ece"],"jetpack_featured_media_url":"http:\/\/enteculturalsantafesino.com.ar\/noreste\/wp-content\/uploads\/sites\/7\/2024\/12\/DSC_0623-1280x640-1.jpg","jetpack_publicize_connections":[],"_links":{"self":[{"href":"http:\/\/enteculturalsantafesino.com.ar\/noreste\/wp-json\/wp\/v2\/posts\/113"}],"collection":[{"href":"http:\/\/enteculturalsantafesino.com.ar\/noreste\/wp-json\/wp\/v2\/posts"}],"about":[{"href":"http:\/\/enteculturalsantafesino.com.ar\/noreste\/wp-json\/wp\/v2\/types\/post"}],"author":[{"embeddable":true,"href":"http:\/\/enteculturalsantafesino.com.ar\/noreste\/wp-json\/wp\/v2\/users\/1"}],"replies":[{"embeddable":true,"href":"http:\/\/enteculturalsantafesino.com.ar\/noreste\/wp-json\/wp\/v2\/comments?post=113"}],"version-history":[{"count":1,"href":"http:\/\/enteculturalsantafesino.com.ar\/noreste\/wp-json\/wp\/v2\/posts\/113\/revisions"}],"predecessor-version":[{"id":115,"href":"http:\/\/enteculturalsantafesino.com.ar\/noreste\/wp-json\/wp\/v2\/posts\/113\/revisions\/115"}],"wp:featuredmedia":[{"embeddable":true,"href":"http:\/\/enteculturalsantafesino.com.ar\/noreste\/wp-json\/wp\/v2\/media\/114"}],"wp:attachment":[{"href":"http:\/\/enteculturalsantafesino.com.ar\/noreste\/wp-json\/wp\/v2\/media?parent=113"}],"wp:term":[{"taxonomy":"category","embeddable":true,"href":"http:\/\/enteculturalsantafesino.com.ar\/noreste\/wp-json\/wp\/v2\/categories?post=113"},{"taxonomy":"post_tag","embeddable":true,"href":"http:\/\/enteculturalsantafesino.com.ar\/noreste\/wp-json\/wp\/v2\/tags?post=113"}],"curies":[{"name":"wp","href":"https:\/\/api.w.org\/{rel}","templated":true}]}}