{"id":116,"date":"2024-12-28T13:52:48","date_gmt":"2024-12-28T16:52:48","guid":{"rendered":"https:\/\/enteculturalsantafesino.com.ar\/noreste\/?p=116"},"modified":"2024-12-28T13:52:49","modified_gmt":"2024-12-28T16:52:49","slug":"llega-el-ultimo-acustico-en-el-portico-2024","status":"publish","type":"post","link":"http:\/\/enteculturalsantafesino.com.ar\/noreste\/2024\/12\/28\/llega-el-ultimo-acustico-en-el-portico-2024\/","title":{"rendered":"Llega el \u00faltimo ac\u00fastico en &#8220;El P\u00f3rtico 2024&#8221;"},"content":{"rendered":"\n<p>La m\u00fasica y el buen ambiente llega con&nbsp;<strong>\u2018Ac\u00fasticos en el P\u00f3rtico\u2019<\/strong>. Este&nbsp;<strong>viernes 27 de diciembre<\/strong>, desde las&nbsp;<strong>21:00 horas<\/strong>, presentaremos a los artistas locales:&nbsp;<strong>Generaci\u00f3n Folklore, Cata Grasmick, Valen Neiff, Nico Zarate y DJ Chavito.<\/strong><\/p>\n\n\n\n<p>La propuesta contar\u00e1 con distintos estilos de m\u00fasica, mel\u00f3dico, folklore y cumbia. Te esperamos en el predio ferial de la&nbsp;<strong>Fiesta Nacional de la Avicultura (sector de los carribares).<\/strong><\/p>\n\n\n\n<p>La<strong>&nbsp;actividad es gratuita y abierta a todo p\u00fablico<\/strong>. Con esta iniciativa, desde el municipio seguimos presentando a nuestros artistas j\u00f3venes.<\/p>\n","protected":false},"excerpt":{"rendered":"<p>La m\u00fasica y el buen ambiente llega con&nbsp;\u2018Ac\u00fasticos en el P\u00f3rtico\u2019. Este&nbsp;viernes 27 de diciembre, desde las&nbsp;21:00 [&hellip;]<\/p>\n","protected":false},"author":1,"featured_media":117,"comment_status":"open","ping_status":"open","sticky":false,"template":"","format":"standard","meta":{"spay_email":"","footnotes":"","jetpack_publicize_message":""},"categories":[1],"tags":[],"class_list":["post-116","post","type-post","status-publish","format-standard","has-post-thumbnail","hentry","category-sin-categoria"],"jetpack_featured_media_url":"http:\/\/enteculturalsantafesino.com.ar\/noreste\/wp-content\/uploads\/sites\/7\/2024\/12\/2024_ACUSTICOS-1280x640-1.png","jetpack_publicize_connections":[],"_links":{"self":[{"href":"http:\/\/enteculturalsantafesino.com.ar\/noreste\/wp-json\/wp\/v2\/posts\/116"}],"collection":[{"href":"http:\/\/enteculturalsantafesino.com.ar\/noreste\/wp-json\/wp\/v2\/posts"}],"about":[{"href":"http:\/\/enteculturalsantafesino.com.ar\/noreste\/wp-json\/wp\/v2\/types\/post"}],"author":[{"embeddable":true,"href":"http:\/\/enteculturalsantafesino.com.ar\/noreste\/wp-json\/wp\/v2\/users\/1"}],"replies":[{"embeddable":true,"href":"http:\/\/enteculturalsantafesino.com.ar\/noreste\/wp-json\/wp\/v2\/comments?post=116"}],"version-history":[{"count":1,"href":"http:\/\/enteculturalsantafesino.com.ar\/noreste\/wp-json\/wp\/v2\/posts\/116\/revisions"}],"predecessor-version":[{"id":118,"href":"http:\/\/enteculturalsantafesino.com.ar\/noreste\/wp-json\/wp\/v2\/posts\/116\/revisions\/118"}],"wp:featuredmedia":[{"embeddable":true,"href":"http:\/\/enteculturalsantafesino.com.ar\/noreste\/wp-json\/wp\/v2\/media\/117"}],"wp:attachment":[{"href":"http:\/\/enteculturalsantafesino.com.ar\/noreste\/wp-json\/wp\/v2\/media?parent=116"}],"wp:term":[{"taxonomy":"category","embeddable":true,"href":"http:\/\/enteculturalsantafesino.com.ar\/noreste\/wp-json\/wp\/v2\/categories?post=116"},{"taxonomy":"post_tag","embeddable":true,"href":"http:\/\/enteculturalsantafesino.com.ar\/noreste\/wp-json\/wp\/v2\/tags?post=116"}],"curies":[{"name":"wp","href":"https:\/\/api.w.org\/{rel}","templated":true}]}}