{"id":128,"date":"2025-01-27T10:32:02","date_gmt":"2025-01-27T13:32:02","guid":{"rendered":"https:\/\/enteculturalsantafesino.com.ar\/noreste\/?p=128"},"modified":"2025-01-27T10:32:04","modified_gmt":"2025-01-27T13:32:04","slug":"con-aplausos-y-muchas-ilusiones-se-desarrollo-el-primer-fin-de-semana-de-teatro-para-la-calor","status":"publish","type":"post","link":"http:\/\/enteculturalsantafesino.com.ar\/noreste\/2025\/01\/27\/con-aplausos-y-muchas-ilusiones-se-desarrollo-el-primer-fin-de-semana-de-teatro-para-la-calor\/","title":{"rendered":"Con aplausos y muchas ilusiones se desarroll\u00f3 el primer fin de semana de \u2018Teatro para la calor\u2019"},"content":{"rendered":"\n<p>En la noche del viernes 24 de enero inici\u00f3 el primer fin de semana de la edici\u00f3n 2025 de \u2018Teatro para la calor\u2019. Diferentes estatuas vivientes de \u2018La Soder\u00eda\u2019, ubicadas en la entrada del Sal\u00f3n Municipal y los alrededores de este espacio, dieron la bienvenida al p\u00fablico que, con mucho entusiasmo y expectativas, se acerc\u00f3 a la primera propuesta teatral, como as\u00ed tambi\u00e9n a las dem\u00e1s funciones y d\u00edas.&nbsp;<\/p>\n\n\n\n<p>M\u00e1s de 50 actores y actrices, se presentaron durante el viernes, s\u00e1bado y domingo en el Sal\u00f3n Municipal. \u00abEste fue un fin de semana cargado de obras\u00bb, defini\u00f3 el director Lucas Kapp. \u201cPor el escenario pasaron seis propuestas de teatro y el pr\u00f3ximo, siete\u201d y agreg\u00f3 \u00abfueron semanas y meses de trabajo y&nbsp;ensayos\u201d.<\/p>\n\n\n\n<p>Seg\u00fan estaba establecido, el viernes se present\u00f3&nbsp;<strong>El gran hotel de las diferencias<\/strong>&nbsp;(Elenco de J\u00f3venes y Adultos del IMEFAA) y a las 22.00&nbsp;<strong>Mat\u00e9 a un tipo del elenco &nbsp;\u2018Los Ram\u00edrez\u2019,<\/strong>&nbsp;de esa vecina ciudad dirigida por el director Ezequiel Buch.&nbsp;<\/p>\n\n\n\n<p>La directora teatral, Agustina Nanio, puntualiz\u00f3 que el s\u00e1bado 25 se desarroll\u00f3,&nbsp;<strong>Nuestro campamento&nbsp;<\/strong>(Elenco de Adolescentes del IMEFAA), una obra destinada al p\u00fablico joven y&nbsp;<strong>Convenci\u00f3n de mucamos&nbsp;<\/strong>(Elenco \u2018Los Ram\u00edrez\u2019). Mientras que el domingo 26 de enero hubo la obra infantil&nbsp;<strong>La flor m\u00e1gica de la amistad&nbsp;<\/strong>(Elenco de Ni\u00f1os del IMEFAA) y se cerr\u00f3 con&nbsp;<strong>Toc Toc<\/strong>&nbsp;(Elenco de Adultos del Centro Cultural \u2018La Estaci\u00f3n\u2019) \u201cuna comedia que habla sobre los trastornos obsesivos compulsivos\u00bb, dijo.<\/p>\n\n\n\n<p>Por su parte,&nbsp;<strong>Andr\u00e9s Spreafico<\/strong>&nbsp;<strong>(director de Integraci\u00f3n y Participaci\u00f3n Comunitaria)<\/strong>&nbsp;expres\u00f3 su alegr\u00eda por esta edici\u00f3n. \u201cEstamos felices por instalar este nuevo espacio teatral, \u2018Teatro para la calor\u2019. Este a\u00f1o en el Sal\u00f3n Municipal. Est\u00e1 todo dado para que la pasemos bien, no solo el p\u00fablico sino tambi\u00e9n los actores\u201d.&nbsp;<\/p>\n\n\n\n<p>A continuaci\u00f3n detallamos las obras de teatro del pr\u00f3ximo fin de semana con&nbsp;<strong>entrada voluntaria<\/strong>, tambi\u00e9n en el&nbsp;<strong>Sal\u00f3n Municipal (25 de Mayo 943)<\/strong>.<\/p>\n","protected":false},"excerpt":{"rendered":"<p>En la noche del viernes 24 de enero inici\u00f3 el primer fin de semana de la edici\u00f3n [&hellip;]<\/p>\n","protected":false},"author":1,"featured_media":129,"comment_status":"open","ping_status":"open","sticky":false,"template":"","format":"standard","meta":{"spay_email":"","footnotes":"","jetpack_publicize_message":""},"categories":[1],"tags":[],"class_list":["post-128","post","type-post","status-publish","format-standard","has-post-thumbnail","hentry","category-sin-categoria"],"jetpack_featured_media_url":"http:\/\/enteculturalsantafesino.com.ar\/noreste\/wp-content\/uploads\/sites\/7\/2025\/01\/WhatsApp-Image-2025-01-27-at-10.28.02.jpeg","jetpack_publicize_connections":[],"_links":{"self":[{"href":"http:\/\/enteculturalsantafesino.com.ar\/noreste\/wp-json\/wp\/v2\/posts\/128"}],"collection":[{"href":"http:\/\/enteculturalsantafesino.com.ar\/noreste\/wp-json\/wp\/v2\/posts"}],"about":[{"href":"http:\/\/enteculturalsantafesino.com.ar\/noreste\/wp-json\/wp\/v2\/types\/post"}],"author":[{"embeddable":true,"href":"http:\/\/enteculturalsantafesino.com.ar\/noreste\/wp-json\/wp\/v2\/users\/1"}],"replies":[{"embeddable":true,"href":"http:\/\/enteculturalsantafesino.com.ar\/noreste\/wp-json\/wp\/v2\/comments?post=128"}],"version-history":[{"count":1,"href":"http:\/\/enteculturalsantafesino.com.ar\/noreste\/wp-json\/wp\/v2\/posts\/128\/revisions"}],"predecessor-version":[{"id":130,"href":"http:\/\/enteculturalsantafesino.com.ar\/noreste\/wp-json\/wp\/v2\/posts\/128\/revisions\/130"}],"wp:featuredmedia":[{"embeddable":true,"href":"http:\/\/enteculturalsantafesino.com.ar\/noreste\/wp-json\/wp\/v2\/media\/129"}],"wp:attachment":[{"href":"http:\/\/enteculturalsantafesino.com.ar\/noreste\/wp-json\/wp\/v2\/media?parent=128"}],"wp:term":[{"taxonomy":"category","embeddable":true,"href":"http:\/\/enteculturalsantafesino.com.ar\/noreste\/wp-json\/wp\/v2\/categories?post=128"},{"taxonomy":"post_tag","embeddable":true,"href":"http:\/\/enteculturalsantafesino.com.ar\/noreste\/wp-json\/wp\/v2\/tags?post=128"}],"curies":[{"name":"wp","href":"https:\/\/api.w.org\/{rel}","templated":true}]}}