{"id":1124,"date":"2024-09-16T12:48:31","date_gmt":"2024-09-16T15:48:31","guid":{"rendered":"http:\/\/enteculturalsantafesino.com.ar\/sudeste\/?p=1124"},"modified":"2024-09-16T12:48:33","modified_gmt":"2024-09-16T15:48:33","slug":"miradas-de-mi-pueblo-ya-tiene-representantes-en-guatimozin","status":"publish","type":"post","link":"http:\/\/enteculturalsantafesino.com.ar\/sudeste\/2024\/09\/16\/miradas-de-mi-pueblo-ya-tiene-representantes-en-guatimozin\/","title":{"rendered":"&#8220;Miradas de mi Pueblo&#8221; ya tiene representantes en Guatimoz\u00edn"},"content":{"rendered":"\n<p>Esta exposici\u00f3n es el resultado del concurso <strong>&#8220;Miradas de mi Pueblo&#8221;.<\/strong> <\/p>\n\n\n\n<p>Los dos primeros puestos avanzan a la instancia regional del ente cultural cordob\u00e9s y santafesino.<\/p>\n\n\n\n<p>El jurado, conformado por los fot\u00f3grafos locales Patricio Daveiga y Noelia Moreno, otorgaron los siguientes premios:<br> 1\u00ba puesto: &#8220;La Espera&#8221; &#8211; Jos\u00e9 Luis Bartomioli<br> 2\u00ba puesto: &#8220;El Portal&#8221; &#8211; Eliana Paris<br> 1\u00ba Menci\u00f3n: &#8220;Proyecciones&#8221; &#8211; Roxana Pagnanelli<br> 2\u00ba Menci\u00f3n: &#8220;Or\u00edgenes&#8221; &#8211; Jorge Sorribes<\/p>\n\n\n\n<p>Menci\u00f3n del P\u00fablico: &#8220;Casa de la Cultura&#8221; &#8211; Betina Ju\u00e1rez<\/p>\n\n\n\n<p><\/p>\n","protected":false},"excerpt":{"rendered":"<p>Esta exposici\u00f3n es el resultado del concurso &#8220;Miradas de mi Pueblo&#8221;. Los dos primeros puestos avanzan a [&hellip;]<\/p>\n","protected":false},"author":3,"featured_media":1125,"comment_status":"open","ping_status":"open","sticky":false,"template":"","format":"standard","meta":{"spay_email":"","footnotes":"","jetpack_publicize_message":""},"categories":[6,23],"tags":[],"class_list":["post-1124","post","type-post","status-publish","format-standard","has-post-thumbnail","hentry","category-ecsc","category-guatimozin"],"jetpack_featured_media_url":"http:\/\/enteculturalsantafesino.com.ar\/sudeste\/wp-content\/uploads\/sites\/6\/2024\/09\/WhatsApp-Image-2024-09-16-at-12.45.21.jpeg","jetpack_publicize_connections":[],"_links":{"self":[{"href":"http:\/\/enteculturalsantafesino.com.ar\/sudeste\/wp-json\/wp\/v2\/posts\/1124"}],"collection":[{"href":"http:\/\/enteculturalsantafesino.com.ar\/sudeste\/wp-json\/wp\/v2\/posts"}],"about":[{"href":"http:\/\/enteculturalsantafesino.com.ar\/sudeste\/wp-json\/wp\/v2\/types\/post"}],"author":[{"embeddable":true,"href":"http:\/\/enteculturalsantafesino.com.ar\/sudeste\/wp-json\/wp\/v2\/users\/3"}],"replies":[{"embeddable":true,"href":"http:\/\/enteculturalsantafesino.com.ar\/sudeste\/wp-json\/wp\/v2\/comments?post=1124"}],"version-history":[{"count":1,"href":"http:\/\/enteculturalsantafesino.com.ar\/sudeste\/wp-json\/wp\/v2\/posts\/1124\/revisions"}],"predecessor-version":[{"id":1126,"href":"http:\/\/enteculturalsantafesino.com.ar\/sudeste\/wp-json\/wp\/v2\/posts\/1124\/revisions\/1126"}],"wp:featuredmedia":[{"embeddable":true,"href":"http:\/\/enteculturalsantafesino.com.ar\/sudeste\/wp-json\/wp\/v2\/media\/1125"}],"wp:attachment":[{"href":"http:\/\/enteculturalsantafesino.com.ar\/sudeste\/wp-json\/wp\/v2\/media?parent=1124"}],"wp:term":[{"taxonomy":"category","embeddable":true,"href":"http:\/\/enteculturalsantafesino.com.ar\/sudeste\/wp-json\/wp\/v2\/categories?post=1124"},{"taxonomy":"post_tag","embeddable":true,"href":"http:\/\/enteculturalsantafesino.com.ar\/sudeste\/wp-json\/wp\/v2\/tags?post=1124"}],"curies":[{"name":"wp","href":"https:\/\/api.w.org\/{rel}","templated":true}]}}