{"id":1183,"date":"2025-06-28T13:02:48","date_gmt":"2025-06-28T16:02:48","guid":{"rendered":"http:\/\/enteculturalsantafesino.com.ar\/sudeste\/?p=1183"},"modified":"2025-06-28T13:05:04","modified_gmt":"2025-06-28T16:05:04","slug":"el-ente-cultural-cordobes-incia-el-programa-enteatro","status":"publish","type":"post","link":"http:\/\/enteculturalsantafesino.com.ar\/sudeste\/2025\/06\/28\/el-ente-cultural-cordobes-incia-el-programa-enteatro\/","title":{"rendered":"El Ente Cultural Cordob\u00e9s incia el programa &#8220;ENTEatro&#8221;"},"content":{"rendered":"\n<p>Dicha acci\u00f3n cultural interprovincial se pone en marcha el cual permite la integraci\u00f3n teatral, constituyendo una red de obras teatrales a trav\u00e9s de las comunidades adheridas a dichos espacios culturalel<\/p>\n\n\n\n<p>El <strong>domingo 29 <\/strong>en la <strong>Casona del Regalo del Parque<\/strong> se presentar\u00e1 la obra <strong>&#8220;Las viudas de la Revoluci\u00f3n&#8221;<\/strong><\/p>\n\n\n\n<p><strong>ENTEatro<\/strong> permite fortalecer la red de propuestas teatrales de los distintos talleres y grupos de teatros, constituidos dentro del Ente Cultural Cordob\u00e9s y Santafesino.<\/p>\n\n\n\n<p><strong>Las viudas de la Revoluci\u00f3n:<\/strong><\/p>\n\n\n\n<p><em>Enero de 1812. Un encuentro posible o tal vez s\u00f3lo un sue\u00f1o. Pudieron existir dos mujeres enfrentadas por los reproches y tambi\u00e9n por la desgracia. Estos textos salieron de la imaginaci\u00f3n de alguien que se propuso reunirlas en una escena de teatro: Guadalupe Cuenca de Moreno y Ana Perich\u00f3n de O\u2019Gorman, la amante de Liniers, quien se encuentra confinada en su quinta en las afueras de Buenos Aires. Ambas son \u201cviudas\u201d, una a cada lado de la l\u00ednea. La pol\u00edtica decidi\u00f3 por ellas, Mariano y Santiago han muerto en circunstancias tremendas. Sin embargo, la revoluci\u00f3n a\u00fan peligra. Guadalupe es joven y viuda. Acaba de enterarse de la muerte de su esposo, en altamar camino a Inglaterra. Otra mujer la espera, Ana, ella tambi\u00e9n ha perdido un gran amor.<\/em><\/p>\n","protected":false},"excerpt":{"rendered":"<p>Dicha acci\u00f3n cultural interprovincial se pone en marcha el cual permite la integraci\u00f3n teatral, constituyendo una red [&hellip;]<\/p>\n","protected":false},"author":3,"featured_media":1184,"comment_status":"open","ping_status":"open","sticky":false,"template":"","format":"standard","meta":{"spay_email":"","footnotes":"","jetpack_publicize_message":""},"categories":[6,8,2],"tags":[],"class_list":["post-1183","post","type-post","status-publish","format-standard","has-post-thumbnail","hentry","category-ecsc","category-los-surgentes","category-noetinger"],"jetpack_featured_media_url":"http:\/\/enteculturalsantafesino.com.ar\/sudeste\/wp-content\/uploads\/sites\/6\/2025\/06\/38086dd0-1259-4b0f-b142-bb7443e4ec81.jpg","jetpack_publicize_connections":[],"_links":{"self":[{"href":"http:\/\/enteculturalsantafesino.com.ar\/sudeste\/wp-json\/wp\/v2\/posts\/1183"}],"collection":[{"href":"http:\/\/enteculturalsantafesino.com.ar\/sudeste\/wp-json\/wp\/v2\/posts"}],"about":[{"href":"http:\/\/enteculturalsantafesino.com.ar\/sudeste\/wp-json\/wp\/v2\/types\/post"}],"author":[{"embeddable":true,"href":"http:\/\/enteculturalsantafesino.com.ar\/sudeste\/wp-json\/wp\/v2\/users\/3"}],"replies":[{"embeddable":true,"href":"http:\/\/enteculturalsantafesino.com.ar\/sudeste\/wp-json\/wp\/v2\/comments?post=1183"}],"version-history":[{"count":2,"href":"http:\/\/enteculturalsantafesino.com.ar\/sudeste\/wp-json\/wp\/v2\/posts\/1183\/revisions"}],"predecessor-version":[{"id":1187,"href":"http:\/\/enteculturalsantafesino.com.ar\/sudeste\/wp-json\/wp\/v2\/posts\/1183\/revisions\/1187"}],"wp:featuredmedia":[{"embeddable":true,"href":"http:\/\/enteculturalsantafesino.com.ar\/sudeste\/wp-json\/wp\/v2\/media\/1184"}],"wp:attachment":[{"href":"http:\/\/enteculturalsantafesino.com.ar\/sudeste\/wp-json\/wp\/v2\/media?parent=1183"}],"wp:term":[{"taxonomy":"category","embeddable":true,"href":"http:\/\/enteculturalsantafesino.com.ar\/sudeste\/wp-json\/wp\/v2\/categories?post=1183"},{"taxonomy":"post_tag","embeddable":true,"href":"http:\/\/enteculturalsantafesino.com.ar\/sudeste\/wp-json\/wp\/v2\/tags?post=1183"}],"curies":[{"name":"wp","href":"https:\/\/api.w.org\/{rel}","templated":true}]}}