{"id":1213,"date":"2025-10-28T12:39:09","date_gmt":"2025-10-28T15:39:09","guid":{"rendered":"http:\/\/enteculturalsantafesino.com.ar\/sudeste\/?p=1213"},"modified":"2025-10-28T12:39:25","modified_gmt":"2025-10-28T15:39:25","slug":"arte-en-pelotas-y-campeones-se-disfrutan-en-guatimozin-cba","status":"publish","type":"post","link":"http:\/\/enteculturalsantafesino.com.ar\/sudeste\/2025\/10\/28\/arte-en-pelotas-y-campeones-se-disfrutan-en-guatimozin-cba\/","title":{"rendered":"Arte en Pelotas&#8221; y &#8220;Campeones&#8221; se disfrutan en Guatimozin (Cba)"},"content":{"rendered":"\n<p>En el SUM del IJME, desde este s\u00e1bado 25 se exponen las muestras itinerantes promovidas por los Entes Culturales Santafesinos y Cordob\u00e9s.<\/p>\n\n\n\n<p>Ademas se present\u00f3 la pelota de Guatimoz\u00edn, que llevar\u00e1 la historia por ambas provincias. <\/p>\n\n\n\n<p>\u201cArte en Pelotas\u201d\u00a0fue generada desde los\u00a0Entes Culturales Santafesinos y Cordob\u00e9s\u00a0durante 2022, exponiendo un centenar de obras de arte sobre balones de f\u00fatbol, originados desde comunidades santafesinas y del sudeste cordob\u00e9s.<\/p>\n\n\n\n<p>Esta propuesta sigue, promoviendo esta maravillosa muestra que posibilita disfrutar del talento de nuestros artistas pl\u00e1sticos, como as\u00ed tambi\u00e9n del reconocimiento a los Campeones de 1978, 1986 y 2022\u00bb. manifest\u00f3\u00a0Claudia Giaccone<\/p>\n","protected":false},"excerpt":{"rendered":"<p>En el SUM del IJME, desde este s\u00e1bado 25 se exponen las muestras itinerantes promovidas por los [&hellip;]<\/p>\n","protected":false},"author":3,"featured_media":1214,"comment_status":"open","ping_status":"open","sticky":false,"template":"","format":"standard","meta":{"spay_email":"","footnotes":"","jetpack_publicize_message":""},"categories":[6,23],"tags":[],"class_list":["post-1213","post","type-post","status-publish","format-standard","has-post-thumbnail","hentry","category-ecsc","category-guatimozin"],"jetpack_featured_media_url":"http:\/\/enteculturalsantafesino.com.ar\/sudeste\/wp-content\/uploads\/sites\/6\/2025\/10\/34583186-3685-4d10-9371-a909b73ad17d.jpg","jetpack_publicize_connections":[],"_links":{"self":[{"href":"http:\/\/enteculturalsantafesino.com.ar\/sudeste\/wp-json\/wp\/v2\/posts\/1213"}],"collection":[{"href":"http:\/\/enteculturalsantafesino.com.ar\/sudeste\/wp-json\/wp\/v2\/posts"}],"about":[{"href":"http:\/\/enteculturalsantafesino.com.ar\/sudeste\/wp-json\/wp\/v2\/types\/post"}],"author":[{"embeddable":true,"href":"http:\/\/enteculturalsantafesino.com.ar\/sudeste\/wp-json\/wp\/v2\/users\/3"}],"replies":[{"embeddable":true,"href":"http:\/\/enteculturalsantafesino.com.ar\/sudeste\/wp-json\/wp\/v2\/comments?post=1213"}],"version-history":[{"count":2,"href":"http:\/\/enteculturalsantafesino.com.ar\/sudeste\/wp-json\/wp\/v2\/posts\/1213\/revisions"}],"predecessor-version":[{"id":1216,"href":"http:\/\/enteculturalsantafesino.com.ar\/sudeste\/wp-json\/wp\/v2\/posts\/1213\/revisions\/1216"}],"wp:featuredmedia":[{"embeddable":true,"href":"http:\/\/enteculturalsantafesino.com.ar\/sudeste\/wp-json\/wp\/v2\/media\/1214"}],"wp:attachment":[{"href":"http:\/\/enteculturalsantafesino.com.ar\/sudeste\/wp-json\/wp\/v2\/media?parent=1213"}],"wp:term":[{"taxonomy":"category","embeddable":true,"href":"http:\/\/enteculturalsantafesino.com.ar\/sudeste\/wp-json\/wp\/v2\/categories?post=1213"},{"taxonomy":"post_tag","embeddable":true,"href":"http:\/\/enteculturalsantafesino.com.ar\/sudeste\/wp-json\/wp\/v2\/tags?post=1213"}],"curies":[{"name":"wp","href":"https:\/\/api.w.org\/{rel}","templated":true}]}}