{"id":1224,"date":"2026-03-09T09:37:51","date_gmt":"2026-03-09T12:37:51","guid":{"rendered":"http:\/\/enteculturalsantafesino.com.ar\/sudeste\/?p=1224"},"modified":"2026-03-09T09:37:52","modified_gmt":"2026-03-09T12:37:52","slug":"el-ente-cultural-cordobes-prepara-su-plan-2026","status":"publish","type":"post","link":"http:\/\/enteculturalsantafesino.com.ar\/sudeste\/2026\/03\/09\/el-ente-cultural-cordobes-prepara-su-plan-2026\/","title":{"rendered":"El Ente Cultural Cordob\u00e9s prepara su &#8220;Plan 2026&#8221;"},"content":{"rendered":"\n<p>En la tarde del s\u00e1bado 7&nbsp;en Los Molinos se realiz\u00f3 la&nbsp;\u201creuni\u00f3n preparatoria\u201d, con la presencia de parte del &nbsp;\u201cEquipo Directivo 2026\u2033&nbsp;el cual representa a las distintas&nbsp;Usinas Culturales.<\/p>\n\n\n\n<p>Se proyectaron los distintos lineamientos y objetivos para el desarrollo del&nbsp;\u201cPlan Anual 2026\u201d, en su d\u00e9cimo octavo a\u00f1o de existencia.<\/p>\n\n\n\n<p>\u00abHoy el Ente Cultural Santafesino es una herramienta fundamental para las agendas y cotidianidad de nuestras comunidades, cumpliendo un rol vital en las acciones y agenda de nuestros pueblos y ciudades\u00bb se\u00f1al\u00f3 Claudia Giaccone&nbsp;\u2013 responsable del&nbsp;ECS.<\/p>\n\n\n\n<p>El&nbsp;Ente Cultural Santafesino, creado en junio de 2008,&nbsp;posibilita la interacci\u00f3n activa de los distintos organismos culturales de cada comunidad participante, logrando acuerdos y pol\u00edticas que reflejen una mayor y mejor jerarquizaci\u00f3n en las diversas gestiones.<\/p>\n\n\n\n<p>\u00abEquipo 2026\u00ab<br>Presidente:&nbsp;Silvio Oliva ( Las Garzas)<br>Director Usina I (norte):&nbsp;Leonardo Carrozza (Mar\u00eda Susana) y Marcela Panza ( Sastre y Ort\u00edz)<br>Director Usina I (sur):&nbsp;Pablo Sullivan (Lucio V L\u00f3pez) y Elaine Escud\u00e9 (Totoras)<br>Director Usina II:&nbsp;Cristian Nicola (Esperanza)<br>Director Usina III (norte):&nbsp;Rodrigo Arias ( Coronel Arnold) y Franco De Cristofano ( Arroyo Seco)<br>Director Usina III (sur):&nbsp;Ernesto Sunde (Santa Isabel) y Cecilia De Francesco (Chab\u00e1s)<br>Director Usina IV: &nbsp;Romina Soto ( Santa Clara de la Buena Vista) e Ileana Albornoz (Coronda)<br>Director Usina V:&nbsp;Ver\u00f3nica Fenoglio (Monte Oscuridad)<br>Director Usina VII:&nbsp;Silvio Oliva ( Las Garzas)<\/p>\n\n\n\n<p>Coordinadora Consejo Cultural Joven : Flavia Curone ( Bouquet)<\/p>\n\n\n\n<p>Coordinador de lEnte Cultural Cordob\u00e9s: Ger\u00f3nimo Kerbs<\/p>\n\n\n\n<p>Coordinadores:&nbsp;Prof. Fernando Banegas (Las Parejas) y Claudio Pellegrini (Villa Elo\u00edsa)<\/p>\n","protected":false},"excerpt":{"rendered":"<p>En la tarde del s\u00e1bado 7&nbsp;en Los Molinos se realiz\u00f3 la&nbsp;\u201creuni\u00f3n preparatoria\u201d, con la presencia de parte [&hellip;]<\/p>\n","protected":false},"author":3,"featured_media":1225,"comment_status":"open","ping_status":"open","sticky":false,"template":"","format":"standard","meta":{"spay_email":"","footnotes":"","jetpack_publicize_message":""},"categories":[1],"tags":[],"class_list":["post-1224","post","type-post","status-publish","format-standard","has-post-thumbnail","hentry","category-sin-categoria"],"jetpack_featured_media_url":"http:\/\/enteculturalsantafesino.com.ar\/sudeste\/wp-content\/uploads\/sites\/6\/2026\/03\/fba78ca9-308e-4606-a5a9-a5831554f3df.jpg","jetpack_publicize_connections":[],"_links":{"self":[{"href":"http:\/\/enteculturalsantafesino.com.ar\/sudeste\/wp-json\/wp\/v2\/posts\/1224"}],"collection":[{"href":"http:\/\/enteculturalsantafesino.com.ar\/sudeste\/wp-json\/wp\/v2\/posts"}],"about":[{"href":"http:\/\/enteculturalsantafesino.com.ar\/sudeste\/wp-json\/wp\/v2\/types\/post"}],"author":[{"embeddable":true,"href":"http:\/\/enteculturalsantafesino.com.ar\/sudeste\/wp-json\/wp\/v2\/users\/3"}],"replies":[{"embeddable":true,"href":"http:\/\/enteculturalsantafesino.com.ar\/sudeste\/wp-json\/wp\/v2\/comments?post=1224"}],"version-history":[{"count":1,"href":"http:\/\/enteculturalsantafesino.com.ar\/sudeste\/wp-json\/wp\/v2\/posts\/1224\/revisions"}],"predecessor-version":[{"id":1226,"href":"http:\/\/enteculturalsantafesino.com.ar\/sudeste\/wp-json\/wp\/v2\/posts\/1224\/revisions\/1226"}],"wp:featuredmedia":[{"embeddable":true,"href":"http:\/\/enteculturalsantafesino.com.ar\/sudeste\/wp-json\/wp\/v2\/media\/1225"}],"wp:attachment":[{"href":"http:\/\/enteculturalsantafesino.com.ar\/sudeste\/wp-json\/wp\/v2\/media?parent=1224"}],"wp:term":[{"taxonomy":"category","embeddable":true,"href":"http:\/\/enteculturalsantafesino.com.ar\/sudeste\/wp-json\/wp\/v2\/categories?post=1224"},{"taxonomy":"post_tag","embeddable":true,"href":"http:\/\/enteculturalsantafesino.com.ar\/sudeste\/wp-json\/wp\/v2\/tags?post=1224"}],"curies":[{"name":"wp","href":"https:\/\/api.w.org\/{rel}","templated":true}]}}