{"id":1227,"date":"2026-03-11T00:19:09","date_gmt":"2026-03-11T03:19:09","guid":{"rendered":"http:\/\/enteculturalsantafesino.com.ar\/sudeste\/?p=1227"},"modified":"2026-03-11T00:23:40","modified_gmt":"2026-03-11T03:23:40","slug":"geronimo-kerbs-sera-el-nuevo-coordinador-del-ente-cultural-cordobes","status":"publish","type":"post","link":"http:\/\/enteculturalsantafesino.com.ar\/sudeste\/2026\/03\/11\/geronimo-kerbs-sera-el-nuevo-coordinador-del-ente-cultural-cordobes\/","title":{"rendered":"Ger\u00f3nimo Kerbs ser\u00e1 el nuevo Coordinador del Ente Cultural Cordob\u00e9s"},"content":{"rendered":"\n<p>El referente cultural de la comunidad de Colonia Italiana coordinar\u00e1 durante este a\u00f1o el espacio cultural nacido en julio de 2019.<\/p>\n\n\n\n<p>Kerbs reemplazar\u00e1 al Prof. Pablo Alel-Secretario de Cultura y Educaci\u00f3n de Noetinger.<\/p>\n\n\n\n<p>Hoy el Ente Cultural Cordob\u00e9s transita su s\u00e9ptimo a\u00f1o y avanzar\u00e1 con propuestas y acciones que sigan consolidando el trabajo desde lo cultural y federal.<\/p>\n\n\n\n<p>Kerbs anunci\u00f3 que prontamente estar\u00e1 convocando a sus pares para presentar el&#8221;Plan 2026&#8243; demostando la fuerza de los distintos rincones culturales de la provincia.<\/p>\n\n\n\n<p>Ger\u00f3nimo Alberto Kerbs es comunicador social. Actual Director de Prensa de la Municipalidad de Colonia Italiana (Cba.)<\/p>\n","protected":false},"excerpt":{"rendered":"<p>El referente cultural de la comunidad de Colonia Italiana coordinar\u00e1 durante este a\u00f1o el espacio cultural nacido [&hellip;]<\/p>\n","protected":false},"author":3,"featured_media":1230,"comment_status":"open","ping_status":"open","sticky":false,"template":"","format":"standard","meta":{"spay_email":"","footnotes":"","jetpack_publicize_message":""},"categories":[6,1],"tags":[],"class_list":["post-1227","post","type-post","status-publish","format-standard","has-post-thumbnail","hentry","category-ecsc","category-sin-categoria"],"jetpack_featured_media_url":"http:\/\/enteculturalsantafesino.com.ar\/sudeste\/wp-content\/uploads\/sites\/6\/2026\/03\/15d525bc-bd2d-4261-86a4-94849e45322e.jpg","jetpack_publicize_connections":[],"_links":{"self":[{"href":"http:\/\/enteculturalsantafesino.com.ar\/sudeste\/wp-json\/wp\/v2\/posts\/1227"}],"collection":[{"href":"http:\/\/enteculturalsantafesino.com.ar\/sudeste\/wp-json\/wp\/v2\/posts"}],"about":[{"href":"http:\/\/enteculturalsantafesino.com.ar\/sudeste\/wp-json\/wp\/v2\/types\/post"}],"author":[{"embeddable":true,"href":"http:\/\/enteculturalsantafesino.com.ar\/sudeste\/wp-json\/wp\/v2\/users\/3"}],"replies":[{"embeddable":true,"href":"http:\/\/enteculturalsantafesino.com.ar\/sudeste\/wp-json\/wp\/v2\/comments?post=1227"}],"version-history":[{"count":2,"href":"http:\/\/enteculturalsantafesino.com.ar\/sudeste\/wp-json\/wp\/v2\/posts\/1227\/revisions"}],"predecessor-version":[{"id":1231,"href":"http:\/\/enteculturalsantafesino.com.ar\/sudeste\/wp-json\/wp\/v2\/posts\/1227\/revisions\/1231"}],"wp:featuredmedia":[{"embeddable":true,"href":"http:\/\/enteculturalsantafesino.com.ar\/sudeste\/wp-json\/wp\/v2\/media\/1230"}],"wp:attachment":[{"href":"http:\/\/enteculturalsantafesino.com.ar\/sudeste\/wp-json\/wp\/v2\/media?parent=1227"}],"wp:term":[{"taxonomy":"category","embeddable":true,"href":"http:\/\/enteculturalsantafesino.com.ar\/sudeste\/wp-json\/wp\/v2\/categories?post=1227"},{"taxonomy":"post_tag","embeddable":true,"href":"http:\/\/enteculturalsantafesino.com.ar\/sudeste\/wp-json\/wp\/v2\/tags?post=1227"}],"curies":[{"name":"wp","href":"https:\/\/api.w.org\/{rel}","templated":true}]}}