{"id":1240,"date":"2026-04-27T21:21:59","date_gmt":"2026-04-28T00:21:59","guid":{"rendered":"https:\/\/enteculturalsantafesino.com.ar\/sudeste\/?p=1240"},"modified":"2026-04-27T21:25:52","modified_gmt":"2026-04-28T00:25:52","slug":"los-clubes-de-noetinger-ya-forman-parte-de-la-pasion-en-mi-piel","status":"publish","type":"post","link":"http:\/\/enteculturalsantafesino.com.ar\/sudeste\/2026\/04\/27\/los-clubes-de-noetinger-ya-forman-parte-de-la-pasion-en-mi-piel\/","title":{"rendered":"Los Clubes de Noetinger ya forman parte de &#8220;La Pasi\u00f3n en mi piel&#8221;"},"content":{"rendered":"\n<p>El <strong>Coordinador del Ente Cultural Cordob\u00e9s Ger\u00f3nimo Kerbs<\/strong>, visit\u00f3 la comunidad de <strong>Noetinger<\/strong> junto al <strong>Secretario de Cultura y Educaci\u00f3n Profesor Pablo Alel.<\/strong> En dicho encuentro repasaron la agenda del <strong>Ente Cultural Cordob\u00e9s <\/strong>y recorrieron los Clubes locales, en donde fueron recibidos por sus Comisiones Directivas y le hicieron entrega de las camisetas correspondientes a los tradicionales clubes de la ciudad: <strong>Club Atl\u00e9tico San Carlos <\/strong>y <strong>Club Atl\u00e9tico y Biblioteca Progreso.<\/strong><\/p>\n\n\n\n<p><strong>&#8220;La Pasi\u00f3n en mi piel&#8221;<\/strong><\/p>\n\n\n\n<p>En el marco del \u00abMundial de F\u00fatbol 2026\u00bb el Ente Cultural Santafesino junto al Ente Cultural Cordob\u00e9s, convocan a todos los clubes deportivos de sus comunidades a ser parte de un proyecto hist\u00f3rico.<\/p>\n\n\n\n<p><em><strong>\u00bfDe qu\u00e9 se trata?<\/strong><\/em><br>Recolectaremos las camisetas de los clubes que nacen en el interior santafesino y cordob\u00e9s para crear \u00abLa Pasi\u00f3n en mi piel\u00bb, una muestra itinerante que recorrer\u00e1 ambas provincias.<\/p>\n\n\n\n<p>Unir al f\u00fatbol del interior en un mismo grito. Que cada camiseta cuente una historia. Que cada pueblo se vea reflejado en esta muestra que viaja.<\/p>\n\n\n\n<p><em><strong>\u00bfSos de un club del interior?<\/strong><\/em><\/p>\n\n\n\n<p>Sum\u00e1 tu camiseta. Sum\u00e1 tu historia. Sum\u00e1 tu pasi\u00f3n.<\/p>\n","protected":false},"excerpt":{"rendered":"<p>El Coordinador del Ente Cultural Cordob\u00e9s Ger\u00f3nimo Kerbs, visit\u00f3 la comunidad de Noetinger junto al Secretario de [&hellip;]<\/p>\n","protected":false},"author":3,"featured_media":1241,"comment_status":"open","ping_status":"open","sticky":false,"template":"","format":"standard","meta":{"spay_email":"","footnotes":"","jetpack_publicize_message":""},"categories":[6,2],"tags":[],"class_list":["post-1240","post","type-post","status-publish","format-standard","has-post-thumbnail","hentry","category-ecsc","category-noetinger"],"jetpack_featured_media_url":"http:\/\/enteculturalsantafesino.com.ar\/sudeste\/wp-content\/uploads\/sites\/6\/2026\/04\/88689e0b-5b7f-494a-8e5b-184701b16d1c.jpg","jetpack_publicize_connections":[],"_links":{"self":[{"href":"http:\/\/enteculturalsantafesino.com.ar\/sudeste\/wp-json\/wp\/v2\/posts\/1240"}],"collection":[{"href":"http:\/\/enteculturalsantafesino.com.ar\/sudeste\/wp-json\/wp\/v2\/posts"}],"about":[{"href":"http:\/\/enteculturalsantafesino.com.ar\/sudeste\/wp-json\/wp\/v2\/types\/post"}],"author":[{"embeddable":true,"href":"http:\/\/enteculturalsantafesino.com.ar\/sudeste\/wp-json\/wp\/v2\/users\/3"}],"replies":[{"embeddable":true,"href":"http:\/\/enteculturalsantafesino.com.ar\/sudeste\/wp-json\/wp\/v2\/comments?post=1240"}],"version-history":[{"count":1,"href":"http:\/\/enteculturalsantafesino.com.ar\/sudeste\/wp-json\/wp\/v2\/posts\/1240\/revisions"}],"predecessor-version":[{"id":1243,"href":"http:\/\/enteculturalsantafesino.com.ar\/sudeste\/wp-json\/wp\/v2\/posts\/1240\/revisions\/1243"}],"wp:featuredmedia":[{"embeddable":true,"href":"http:\/\/enteculturalsantafesino.com.ar\/sudeste\/wp-json\/wp\/v2\/media\/1241"}],"wp:attachment":[{"href":"http:\/\/enteculturalsantafesino.com.ar\/sudeste\/wp-json\/wp\/v2\/media?parent=1240"}],"wp:term":[{"taxonomy":"category","embeddable":true,"href":"http:\/\/enteculturalsantafesino.com.ar\/sudeste\/wp-json\/wp\/v2\/categories?post=1240"},{"taxonomy":"post_tag","embeddable":true,"href":"http:\/\/enteculturalsantafesino.com.ar\/sudeste\/wp-json\/wp\/v2\/tags?post=1240"}],"curies":[{"name":"wp","href":"https:\/\/api.w.org\/{rel}","templated":true}]}}