{"id":1246,"date":"2026-04-27T21:33:32","date_gmt":"2026-04-28T00:33:32","guid":{"rendered":"https:\/\/enteculturalsantafesino.com.ar\/sudeste\/?p=1246"},"modified":"2026-04-27T21:34:41","modified_gmt":"2026-04-28T00:34:41","slug":"los-surgentes-junto-a-sus-clubes-se-suma-a-la-pasion-en-mi-piel","status":"publish","type":"post","link":"http:\/\/enteculturalsantafesino.com.ar\/sudeste\/2026\/04\/27\/los-surgentes-junto-a-sus-clubes-se-suma-a-la-pasion-en-mi-piel\/","title":{"rendered":"Los Surgentes junto a sus Clubes se suma a &#8220;La Pasi\u00f3n en mi piel&#8221;"},"content":{"rendered":"\n<p>El <strong>Coordinador del Ente Cultural Cordob\u00e9s Ger\u00f3nimo Kerbs<\/strong>, lleg\u00f3 a la comunidad de <strong>Los Surgentes<\/strong>, en donde fue recibido por la responsable de cultura<strong>.<\/strong> En dicho encuentro visitaron los Clubes locales, en donde las Comisiones Directivas, hicieron entrega de las camisetas correspondientes a las entidades deportivas de la ciudad: <strong>Club Atl\u00e9tico San Carlos<\/strong> y <strong>Centro Social Cultural<\/strong><\/p>\n\n\n\n<p><strong>&#8220;La Pasi\u00f3n en mi piel&#8221;<\/strong><\/p>\n\n\n\n<p>En el marco del \u00abMundial de F\u00fatbol 2026\u00bb el Ente Cultural Santafesino junto al Ente Cultural Cordob\u00e9s, convocan a todos los clubes deportivos de sus comunidades a ser parte de un proyecto hist\u00f3rico.<\/p>\n\n\n\n<p><em><strong>\u00bfDe qu\u00e9 se trata?<\/strong><\/em><br>Recolectaremos las camisetas de los clubes que nacen en el interior santafesino y cordob\u00e9s para crear \u00abLa Pasi\u00f3n en mi piel\u00bb, una muestra itinerante que recorrer\u00e1 ambas provincias.<\/p>\n\n\n\n<p>Unir al f\u00fatbol del interior en un mismo grito. Que cada camiseta cuente una historia. Que cada pueblo se vea reflejado en esta muestra que viaja.<\/p>\n\n\n\n<p><em><strong>\u00bfSos de un club del interior?<\/strong><\/em><\/p>\n\n\n\n<p>Sum\u00e1 tu camiseta. Sum\u00e1 tu historia. Sum\u00e1 tu pasi\u00f3n.<\/p>\n","protected":false},"excerpt":{"rendered":"<p>El Coordinador del Ente Cultural Cordob\u00e9s Ger\u00f3nimo Kerbs, lleg\u00f3 a la comunidad de Los Surgentes, en donde [&hellip;]<\/p>\n","protected":false},"author":3,"featured_media":1242,"comment_status":"open","ping_status":"open","sticky":false,"template":"","format":"standard","meta":{"spay_email":"","footnotes":"","jetpack_publicize_message":""},"categories":[6,8],"tags":[],"class_list":["post-1246","post","type-post","status-publish","format-standard","has-post-thumbnail","hentry","category-ecsc","category-los-surgentes"],"jetpack_featured_media_url":"http:\/\/enteculturalsantafesino.com.ar\/sudeste\/wp-content\/uploads\/sites\/6\/2026\/04\/487fac5c-2f40-4af2-9db8-85fe22bc6ab2.jpg","jetpack_publicize_connections":[],"_links":{"self":[{"href":"http:\/\/enteculturalsantafesino.com.ar\/sudeste\/wp-json\/wp\/v2\/posts\/1246"}],"collection":[{"href":"http:\/\/enteculturalsantafesino.com.ar\/sudeste\/wp-json\/wp\/v2\/posts"}],"about":[{"href":"http:\/\/enteculturalsantafesino.com.ar\/sudeste\/wp-json\/wp\/v2\/types\/post"}],"author":[{"embeddable":true,"href":"http:\/\/enteculturalsantafesino.com.ar\/sudeste\/wp-json\/wp\/v2\/users\/3"}],"replies":[{"embeddable":true,"href":"http:\/\/enteculturalsantafesino.com.ar\/sudeste\/wp-json\/wp\/v2\/comments?post=1246"}],"version-history":[{"count":2,"href":"http:\/\/enteculturalsantafesino.com.ar\/sudeste\/wp-json\/wp\/v2\/posts\/1246\/revisions"}],"predecessor-version":[{"id":1248,"href":"http:\/\/enteculturalsantafesino.com.ar\/sudeste\/wp-json\/wp\/v2\/posts\/1246\/revisions\/1248"}],"wp:featuredmedia":[{"embeddable":true,"href":"http:\/\/enteculturalsantafesino.com.ar\/sudeste\/wp-json\/wp\/v2\/media\/1242"}],"wp:attachment":[{"href":"http:\/\/enteculturalsantafesino.com.ar\/sudeste\/wp-json\/wp\/v2\/media?parent=1246"}],"wp:term":[{"taxonomy":"category","embeddable":true,"href":"http:\/\/enteculturalsantafesino.com.ar\/sudeste\/wp-json\/wp\/v2\/categories?post=1246"},{"taxonomy":"post_tag","embeddable":true,"href":"http:\/\/enteculturalsantafesino.com.ar\/sudeste\/wp-json\/wp\/v2\/tags?post=1246"}],"curies":[{"name":"wp","href":"https:\/\/api.w.org\/{rel}","templated":true}]}}