{"id":223,"date":"2020-05-06T04:47:07","date_gmt":"2020-05-06T07:47:07","guid":{"rendered":"http:\/\/enteculturalsantafesino.com.ar\/sudeste\/?p=223"},"modified":"2020-05-06T04:48:46","modified_gmt":"2020-05-06T07:48:46","slug":"bell-ville-la-musica-desde-la-solidaridad-y-con-toda-el-alma","status":"publish","type":"post","link":"http:\/\/enteculturalsantafesino.com.ar\/sudeste\/2020\/05\/06\/bell-ville-la-musica-desde-la-solidaridad-y-con-toda-el-alma\/","title":{"rendered":"Bell Ville: La m\u00fasica desde la solidaridad y con toda el alma"},"content":{"rendered":"\n<p> Ac\u00fastico desde casa\u201d se llama el concierto que ofrecer\u00e1 este s\u00e1bado la destacada artista local Emiliana Zapata. Ser\u00e1 a partir de las 20:00 hs. desde la p\u00e1gina web&nbsp;<a rel=\"noreferrer noopener\" href=\"http:\/\/espacioculturalcoliseo.org\/?fbclid=IwAR1GDuoIX9NMSRK33uFx6uYkXfy_WdsakpjJFHqqxDBuX_T1Bb4VBMyBTVw\" target=\"_blank\">espacioculturalcoliseo.org<\/a>&nbsp;y la fanpage de la Municipalidad de Bell Ville.<\/p>\n\n\n\n<p>Tambi\u00e9n se podr\u00e1 apreciar el trabajo de la artista pl\u00e1stica Camila Rivarola, inspirado sobre la m\u00fasica y poes\u00eda de Emiliana Zapata.<br>Desde el lado solidario del espect\u00e1culo se recomienda acercar un alimento no perecedero o art\u00edculos de cuidado e higiene a los puntos de recolecci\u00f3n de Defensa Civil o bien llamando al 103.<\/p>\n\n\n\n<p>Ser\u00e1 un verdadero encuentro virtual cultural de Emiliana y Camila con la ciudad. La actividad se desarrolla en el marco de la concreci\u00f3n de la Beca de Fomento otorgada al Espacio Rodar Cultura por el Fondo Regional de Cultura del cual particip\u00f3 activamente el municipio y el Fondo Nacional de las Artes.<\/p>\n\n\n\n<p>La propuesta art\u00edstica surge desde el Espacio Cultural Coliseo de la Sociedad Italiana y Rodar Cultura, m\u00e1s el apoyo del Fondo Nacional de las Artes con el apoyo de la Municipalidad a trav\u00e9s de Educaci\u00f3n y Cultura.<br>El encargado del \u00e1rea, Gustavo Calzolari, dijo que la presentaci\u00f3n se da en el marco de las becas de fomento que se aprobaron el a\u00f1o pasado con la participaci\u00f3n activa de la Municipalidad local que aport\u00f3 el 75% de los recursos a este Fondo Regional de las Artes y el otro 25% provino del Fondo Nacional de las Artes, lo cual permiti\u00f3 la asignaci\u00f3n de cuatro becas de fomento para nuestra localidad.<\/p>\n\n\n\n<p>Por su parte, Emiliana Zapata anticip\u00f3 que presentar\u00e1 tres canciones de su autor\u00eda y otros temas que hablan del cuidado del ambiente. <\/p>\n","protected":false},"excerpt":{"rendered":"<p>Ac\u00fastico desde casa\u201d se llama el concierto que ofrecer\u00e1 este s\u00e1bado la destacada artista local Emiliana Zapata. [&hellip;]<\/p>\n","protected":false},"author":3,"featured_media":224,"comment_status":"open","ping_status":"open","sticky":false,"template":"","format":"standard","meta":{"spay_email":"","footnotes":"","jetpack_publicize_message":""},"categories":[10],"tags":[],"class_list":["post-223","post","type-post","status-publish","format-standard","has-post-thumbnail","hentry","category-bell-ville"],"jetpack_featured_media_url":"http:\/\/enteculturalsantafesino.com.ar\/sudeste\/wp-content\/uploads\/sites\/6\/2020\/05\/96091117_1299938183544889_6408439944091533312_o.jpg","jetpack_publicize_connections":[],"_links":{"self":[{"href":"http:\/\/enteculturalsantafesino.com.ar\/sudeste\/wp-json\/wp\/v2\/posts\/223"}],"collection":[{"href":"http:\/\/enteculturalsantafesino.com.ar\/sudeste\/wp-json\/wp\/v2\/posts"}],"about":[{"href":"http:\/\/enteculturalsantafesino.com.ar\/sudeste\/wp-json\/wp\/v2\/types\/post"}],"author":[{"embeddable":true,"href":"http:\/\/enteculturalsantafesino.com.ar\/sudeste\/wp-json\/wp\/v2\/users\/3"}],"replies":[{"embeddable":true,"href":"http:\/\/enteculturalsantafesino.com.ar\/sudeste\/wp-json\/wp\/v2\/comments?post=223"}],"version-history":[{"count":3,"href":"http:\/\/enteculturalsantafesino.com.ar\/sudeste\/wp-json\/wp\/v2\/posts\/223\/revisions"}],"predecessor-version":[{"id":227,"href":"http:\/\/enteculturalsantafesino.com.ar\/sudeste\/wp-json\/wp\/v2\/posts\/223\/revisions\/227"}],"wp:featuredmedia":[{"embeddable":true,"href":"http:\/\/enteculturalsantafesino.com.ar\/sudeste\/wp-json\/wp\/v2\/media\/224"}],"wp:attachment":[{"href":"http:\/\/enteculturalsantafesino.com.ar\/sudeste\/wp-json\/wp\/v2\/media?parent=223"}],"wp:term":[{"taxonomy":"category","embeddable":true,"href":"http:\/\/enteculturalsantafesino.com.ar\/sudeste\/wp-json\/wp\/v2\/categories?post=223"},{"taxonomy":"post_tag","embeddable":true,"href":"http:\/\/enteculturalsantafesino.com.ar\/sudeste\/wp-json\/wp\/v2\/tags?post=223"}],"curies":[{"name":"wp","href":"https:\/\/api.w.org\/{rel}","templated":true}]}}