{"id":229,"date":"2020-06-15T11:13:20","date_gmt":"2020-06-15T14:13:20","guid":{"rendered":"http:\/\/enteculturalsantafesino.com.ar\/sudeste\/?p=229"},"modified":"2020-06-15T11:13:22","modified_gmt":"2020-06-15T14:13:22","slug":"noetinger-ciclo-ayer-y-hoy","status":"publish","type":"post","link":"http:\/\/enteculturalsantafesino.com.ar\/sudeste\/2020\/06\/15\/noetinger-ciclo-ayer-y-hoy\/","title":{"rendered":"Noetinger: Ciclo &#8220;Ayer y Hoy&#8221;"},"content":{"rendered":"\n<figure class=\"wp-block-gallery columns-5 is-cropped wp-block-gallery-1 is-layout-flex wp-block-gallery-is-layout-flex\"><ul class=\"blocks-gallery-grid\"><li class=\"blocks-gallery-item\"><figure><img loading=\"lazy\" decoding=\"async\" width=\"960\" height=\"720\" src=\"http:\/\/enteculturalsantafesino.com.ar\/sudeste\/wp-content\/uploads\/sites\/6\/2020\/06\/103726797_3199172990147292_6828675758842308674_o.jpg\" alt=\"\" data-id=\"232\" data-full-url=\"http:\/\/enteculturalsantafesino.com.ar\/sudeste\/wp-content\/uploads\/sites\/6\/2020\/06\/103726797_3199172990147292_6828675758842308674_o.jpg\" data-link=\"http:\/\/enteculturalsantafesino.com.ar\/sudeste\/?attachment_id=232\" class=\"wp-image-232\" srcset=\"http:\/\/enteculturalsantafesino.com.ar\/sudeste\/wp-content\/uploads\/sites\/6\/2020\/06\/103726797_3199172990147292_6828675758842308674_o.jpg 960w, http:\/\/enteculturalsantafesino.com.ar\/sudeste\/wp-content\/uploads\/sites\/6\/2020\/06\/103726797_3199172990147292_6828675758842308674_o-300x225.jpg 300w, http:\/\/enteculturalsantafesino.com.ar\/sudeste\/wp-content\/uploads\/sites\/6\/2020\/06\/103726797_3199172990147292_6828675758842308674_o-768x576.jpg 768w\" sizes=\"(max-width: 960px) 100vw, 960px\" \/><\/figure><\/li><li class=\"blocks-gallery-item\"><figure><img loading=\"lazy\" decoding=\"async\" width=\"960\" height=\"720\" src=\"http:\/\/enteculturalsantafesino.com.ar\/sudeste\/wp-content\/uploads\/sites\/6\/2020\/06\/104283402_3199172396814018_4623791065201307300_o.jpg\" alt=\"\" data-id=\"233\" data-full-url=\"http:\/\/enteculturalsantafesino.com.ar\/sudeste\/wp-content\/uploads\/sites\/6\/2020\/06\/104283402_3199172396814018_4623791065201307300_o.jpg\" data-link=\"http:\/\/enteculturalsantafesino.com.ar\/sudeste\/?attachment_id=233\" class=\"wp-image-233\" srcset=\"http:\/\/enteculturalsantafesino.com.ar\/sudeste\/wp-content\/uploads\/sites\/6\/2020\/06\/104283402_3199172396814018_4623791065201307300_o.jpg 960w, http:\/\/enteculturalsantafesino.com.ar\/sudeste\/wp-content\/uploads\/sites\/6\/2020\/06\/104283402_3199172396814018_4623791065201307300_o-300x225.jpg 300w, http:\/\/enteculturalsantafesino.com.ar\/sudeste\/wp-content\/uploads\/sites\/6\/2020\/06\/104283402_3199172396814018_4623791065201307300_o-768x576.jpg 768w\" sizes=\"(max-width: 960px) 100vw, 960px\" \/><\/figure><\/li><li class=\"blocks-gallery-item\"><figure><img loading=\"lazy\" decoding=\"async\" width=\"960\" height=\"570\" src=\"http:\/\/enteculturalsantafesino.com.ar\/sudeste\/wp-content\/uploads\/sites\/6\/2020\/06\/83366671_3199173940147197_6839537630102345986_o.jpg\" alt=\"\" data-id=\"231\" data-full-url=\"http:\/\/enteculturalsantafesino.com.ar\/sudeste\/wp-content\/uploads\/sites\/6\/2020\/06\/83366671_3199173940147197_6839537630102345986_o.jpg\" data-link=\"http:\/\/enteculturalsantafesino.com.ar\/sudeste\/?attachment_id=231\" class=\"wp-image-231\" srcset=\"http:\/\/enteculturalsantafesino.com.ar\/sudeste\/wp-content\/uploads\/sites\/6\/2020\/06\/83366671_3199173940147197_6839537630102345986_o.jpg 960w, http:\/\/enteculturalsantafesino.com.ar\/sudeste\/wp-content\/uploads\/sites\/6\/2020\/06\/83366671_3199173940147197_6839537630102345986_o-300x178.jpg 300w, http:\/\/enteculturalsantafesino.com.ar\/sudeste\/wp-content\/uploads\/sites\/6\/2020\/06\/83366671_3199173940147197_6839537630102345986_o-768x456.jpg 768w\" sizes=\"(max-width: 960px) 100vw, 960px\" \/><\/figure><\/li><li class=\"blocks-gallery-item\"><figure><img loading=\"lazy\" decoding=\"async\" width=\"960\" height=\"550\" src=\"http:\/\/enteculturalsantafesino.com.ar\/sudeste\/wp-content\/uploads\/sites\/6\/2020\/06\/103970283_3199175883480336_8531243267556130061_o.jpg\" alt=\"\" data-id=\"234\" data-full-url=\"http:\/\/enteculturalsantafesino.com.ar\/sudeste\/wp-content\/uploads\/sites\/6\/2020\/06\/103970283_3199175883480336_8531243267556130061_o.jpg\" data-link=\"http:\/\/enteculturalsantafesino.com.ar\/sudeste\/?attachment_id=234\" class=\"wp-image-234\" srcset=\"http:\/\/enteculturalsantafesino.com.ar\/sudeste\/wp-content\/uploads\/sites\/6\/2020\/06\/103970283_3199175883480336_8531243267556130061_o.jpg 960w, http:\/\/enteculturalsantafesino.com.ar\/sudeste\/wp-content\/uploads\/sites\/6\/2020\/06\/103970283_3199175883480336_8531243267556130061_o-300x172.jpg 300w, http:\/\/enteculturalsantafesino.com.ar\/sudeste\/wp-content\/uploads\/sites\/6\/2020\/06\/103970283_3199175883480336_8531243267556130061_o-768x440.jpg 768w\" sizes=\"(max-width: 960px) 100vw, 960px\" \/><\/figure><\/li><li class=\"blocks-gallery-item\"><figure><img loading=\"lazy\" decoding=\"async\" width=\"960\" height=\"960\" src=\"http:\/\/enteculturalsantafesino.com.ar\/sudeste\/wp-content\/uploads\/sites\/6\/2020\/06\/83666946_3199174353480489_6672677966296195765_o.jpg\" alt=\"\" data-id=\"230\" data-full-url=\"http:\/\/enteculturalsantafesino.com.ar\/sudeste\/wp-content\/uploads\/sites\/6\/2020\/06\/83666946_3199174353480489_6672677966296195765_o.jpg\" data-link=\"http:\/\/enteculturalsantafesino.com.ar\/sudeste\/?attachment_id=230\" class=\"wp-image-230\" srcset=\"http:\/\/enteculturalsantafesino.com.ar\/sudeste\/wp-content\/uploads\/sites\/6\/2020\/06\/83666946_3199174353480489_6672677966296195765_o.jpg 960w, http:\/\/enteculturalsantafesino.com.ar\/sudeste\/wp-content\/uploads\/sites\/6\/2020\/06\/83666946_3199174353480489_6672677966296195765_o-300x300.jpg 300w, http:\/\/enteculturalsantafesino.com.ar\/sudeste\/wp-content\/uploads\/sites\/6\/2020\/06\/83666946_3199174353480489_6672677966296195765_o-150x150.jpg 150w, http:\/\/enteculturalsantafesino.com.ar\/sudeste\/wp-content\/uploads\/sites\/6\/2020\/06\/83666946_3199174353480489_6672677966296195765_o-768x768.jpg 768w, http:\/\/enteculturalsantafesino.com.ar\/sudeste\/wp-content\/uploads\/sites\/6\/2020\/06\/83666946_3199174353480489_6672677966296195765_o-53x53.jpg 53w\" sizes=\"(max-width: 960px) 100vw, 960px\" \/><\/figure><\/li><\/ul><\/figure>\n\n\n\n<p>Inauguramos este nuevo ciclo de publicaciones \u00abAyer y Hoy\u00bb, y en esta oportunidad con im\u00e1genes de un espacio hist\u00f3rico de nuestro pueblo denominado \u00abPARQUE EL REGALO\u00bb.<\/p>\n\n\n\n<p>El entonces propietario Don Andr\u00e9s Costa, brindaba sus instalaciones para la recreaci\u00f3n y el esparcimiento de las familias.<\/p>\n\n\n\n<p>Tras a\u00f1os de abandono, esta gesti\u00f3n decidi\u00f3 su \u00abRecuperaci\u00f3n y Puesta en Valor\u00bb, dada la importancia hist\u00f3rica y social que reviste para toda la comunidad y su uso\u00a0p\u00fablico.<\/p>\n\n\n\n<p>Te invitamos a contar hermosas an\u00e9cdotas de antes y de ahora, que hayas disfrutado en nuestro querido \u00abParque El Regalo<\/p>\n","protected":false},"excerpt":{"rendered":"<p>Inauguramos este nuevo ciclo de publicaciones \u00abAyer y Hoy\u00bb, y en esta oportunidad con im\u00e1genes de un [&hellip;]<\/p>\n","protected":false},"author":3,"featured_media":234,"comment_status":"open","ping_status":"open","sticky":false,"template":"","format":"standard","meta":{"spay_email":"","footnotes":"","jetpack_publicize_message":""},"categories":[2],"tags":[],"class_list":["post-229","post","type-post","status-publish","format-standard","has-post-thumbnail","hentry","category-noetinger"],"jetpack_featured_media_url":"http:\/\/enteculturalsantafesino.com.ar\/sudeste\/wp-content\/uploads\/sites\/6\/2020\/06\/103970283_3199175883480336_8531243267556130061_o.jpg","jetpack_publicize_connections":[],"_links":{"self":[{"href":"http:\/\/enteculturalsantafesino.com.ar\/sudeste\/wp-json\/wp\/v2\/posts\/229"}],"collection":[{"href":"http:\/\/enteculturalsantafesino.com.ar\/sudeste\/wp-json\/wp\/v2\/posts"}],"about":[{"href":"http:\/\/enteculturalsantafesino.com.ar\/sudeste\/wp-json\/wp\/v2\/types\/post"}],"author":[{"embeddable":true,"href":"http:\/\/enteculturalsantafesino.com.ar\/sudeste\/wp-json\/wp\/v2\/users\/3"}],"replies":[{"embeddable":true,"href":"http:\/\/enteculturalsantafesino.com.ar\/sudeste\/wp-json\/wp\/v2\/comments?post=229"}],"version-history":[{"count":1,"href":"http:\/\/enteculturalsantafesino.com.ar\/sudeste\/wp-json\/wp\/v2\/posts\/229\/revisions"}],"predecessor-version":[{"id":235,"href":"http:\/\/enteculturalsantafesino.com.ar\/sudeste\/wp-json\/wp\/v2\/posts\/229\/revisions\/235"}],"wp:featuredmedia":[{"embeddable":true,"href":"http:\/\/enteculturalsantafesino.com.ar\/sudeste\/wp-json\/wp\/v2\/media\/234"}],"wp:attachment":[{"href":"http:\/\/enteculturalsantafesino.com.ar\/sudeste\/wp-json\/wp\/v2\/media?parent=229"}],"wp:term":[{"taxonomy":"category","embeddable":true,"href":"http:\/\/enteculturalsantafesino.com.ar\/sudeste\/wp-json\/wp\/v2\/categories?post=229"},{"taxonomy":"post_tag","embeddable":true,"href":"http:\/\/enteculturalsantafesino.com.ar\/sudeste\/wp-json\/wp\/v2\/tags?post=229"}],"curies":[{"name":"wp","href":"https:\/\/api.w.org\/{rel}","templated":true}]}}