{"id":302,"date":"2021-01-17T03:17:18","date_gmt":"2021-01-17T06:17:18","guid":{"rendered":"http:\/\/enteculturalsantafesino.com.ar\/sudeste\/?p=302"},"modified":"2021-01-17T03:17:21","modified_gmt":"2021-01-17T06:17:21","slug":"bell-ville-recibio-los-mandalas-santafesinos","status":"publish","type":"post","link":"http:\/\/enteculturalsantafesino.com.ar\/sudeste\/2021\/01\/17\/bell-ville-recibio-los-mandalas-santafesinos\/","title":{"rendered":"Bell Ville recibi\u00f3 los &#8220;Mandalas Santafesinos&#8221;"},"content":{"rendered":"\n<p>La\u00a0<strong>Muestra itinerante de Mandalas,\u00a0<\/strong>sigue recorriendo la regi\u00f3n sudeste de la provincia de C\u00f3rdoba. Este domingo 17 desde las 18 hs se expusieron en la <strong>Plaza 25 de Mayo<\/strong>, junto con el <strong>Almac\u00e9n de Ferias.<\/strong><\/p>\n\n\n\n<p>La misma llega en el marco del programa<strong>\u00a0\u201cCompartiendo Cultura\u201d<\/strong>, naciendo a trav\u00e9s de la iniciativa de catorce artistas pl\u00e1sticos de\u00a0<strong>Romang<\/strong>, recorriendo las comunidades de la Usina II, IV, VII y I.<\/p>\n\n\n\n<p><em>Los artistas romanenes que fundaron este trabajo fueron motivados desde la inspiraci\u00f3n y la tem\u00e1tica del R\u00edo.&nbsp;<\/em><\/p>\n\n\n\n<p>Ellos son:&nbsp;<em><strong>Astier; Diana, Dreher, Diego; Sturon, Graciela; Schurer, Mirta; Niemis, Juliana; Scremin, Luis; &nbsp;Vanoni, Mar\u00eda; Stirnemann, Rosana; Wuthrich,Patricia; Galeano, Micaela; Eichemberger, Heriberto, Zorz\u00f3n, Roc\u00edo; Braidot, Roc\u00edo; Ramseyer, Anal\u00eda.<\/strong><\/em><\/p>\n\n\n\n<p><strong><em>Los Mandalas son representaciones art\u00edsticas de estilo espiritual originarias de la India.<\/em><\/strong><\/p>\n\n\n\n<p>Es importante destacar que a trav\u00e9s de su recorrido por las distintas comunidades adheridas al Ente Cultural&nbsp;Cordob\u00e9s se le suma una nueva \u201cMandala\u201d, en esta visita se sum\u00f3 el trabajo de&nbsp;<strong>Noem\u00ed Aguilar&nbsp;<\/strong>alumna de crochet<\/p>\n\n\n\n<p><strong>\u201cCompartiendo Cultura\u201d<\/strong><\/p>\n\n\n\n<p>Dicho programa que posee la finalidad de intercambiar e interaccionar propuestas art\u00edsticas pertenecientes a las comunidades que integran dicho espacio cultural; jerarquizando y promoviendo la red social, cultural y de inclusi\u00f3n de los m\u00faltiples artistas santafesinos.<\/p>\n\n\n\n<p><em>\u201cLas actividades culturales se multiplican y se potencian d\u00eda a d\u00eda, en una red fortalecida por el trabajo constante de los pueblos y ciudades juntos a sus artistas y Secretarias de Cultura, incrementando el convencimiento de este trabajo cooperativo, solidario y de inclusi\u00f3n que emerge con toda la fuerza proveniente del interior santafesino y cordob\u00e9s\u201d&nbsp;<\/em><\/p>\n","protected":false},"excerpt":{"rendered":"<p>La\u00a0Muestra itinerante de Mandalas,\u00a0sigue recorriendo la regi\u00f3n sudeste de la provincia de C\u00f3rdoba. Este domingo 17 desde [&hellip;]<\/p>\n","protected":false},"author":3,"featured_media":303,"comment_status":"open","ping_status":"open","sticky":false,"template":"","format":"standard","meta":{"spay_email":"","footnotes":"","jetpack_publicize_message":""},"categories":[10],"tags":[],"class_list":["post-302","post","type-post","status-publish","format-standard","has-post-thumbnail","hentry","category-bell-ville"],"jetpack_featured_media_url":"http:\/\/enteculturalsantafesino.com.ar\/sudeste\/wp-content\/uploads\/sites\/6\/2021\/01\/45a7ad7b-467a-4adc-b341-1696e92ebdd6.jpg","jetpack_publicize_connections":[],"_links":{"self":[{"href":"http:\/\/enteculturalsantafesino.com.ar\/sudeste\/wp-json\/wp\/v2\/posts\/302"}],"collection":[{"href":"http:\/\/enteculturalsantafesino.com.ar\/sudeste\/wp-json\/wp\/v2\/posts"}],"about":[{"href":"http:\/\/enteculturalsantafesino.com.ar\/sudeste\/wp-json\/wp\/v2\/types\/post"}],"author":[{"embeddable":true,"href":"http:\/\/enteculturalsantafesino.com.ar\/sudeste\/wp-json\/wp\/v2\/users\/3"}],"replies":[{"embeddable":true,"href":"http:\/\/enteculturalsantafesino.com.ar\/sudeste\/wp-json\/wp\/v2\/comments?post=302"}],"version-history":[{"count":1,"href":"http:\/\/enteculturalsantafesino.com.ar\/sudeste\/wp-json\/wp\/v2\/posts\/302\/revisions"}],"predecessor-version":[{"id":304,"href":"http:\/\/enteculturalsantafesino.com.ar\/sudeste\/wp-json\/wp\/v2\/posts\/302\/revisions\/304"}],"wp:featuredmedia":[{"embeddable":true,"href":"http:\/\/enteculturalsantafesino.com.ar\/sudeste\/wp-json\/wp\/v2\/media\/303"}],"wp:attachment":[{"href":"http:\/\/enteculturalsantafesino.com.ar\/sudeste\/wp-json\/wp\/v2\/media?parent=302"}],"wp:term":[{"taxonomy":"category","embeddable":true,"href":"http:\/\/enteculturalsantafesino.com.ar\/sudeste\/wp-json\/wp\/v2\/categories?post=302"},{"taxonomy":"post_tag","embeddable":true,"href":"http:\/\/enteculturalsantafesino.com.ar\/sudeste\/wp-json\/wp\/v2\/tags?post=302"}],"curies":[{"name":"wp","href":"https:\/\/api.w.org\/{rel}","templated":true}]}}