{"id":351,"date":"2021-03-08T10:22:50","date_gmt":"2021-03-08T13:22:50","guid":{"rendered":"http:\/\/enteculturalsantafesino.com.ar\/sudeste\/?p=351"},"modified":"2021-03-08T10:22:52","modified_gmt":"2021-03-08T13:22:52","slug":"arte-nuestro-brillo-por-convocatoria-y-calidad-artistica","status":"publish","type":"post","link":"http:\/\/enteculturalsantafesino.com.ar\/sudeste\/2021\/03\/08\/arte-nuestro-brillo-por-convocatoria-y-calidad-artistica\/","title":{"rendered":"&#8220;Arte Nuestro&#8221; brill\u00f3 por convocatoria y calidad art\u00edstica."},"content":{"rendered":"\n<p>El tiempo acompa\u00f1\u00f3 para que las dos noches, de viernes y s\u00e1bado, brillaran con sus diferentes matices de rock y folklore en el espect\u00e1culo <strong>\u201cArte Nuestro\u201d<\/strong>, que se desarroll\u00f3 en el escenario \u201cArtemio Aran\u201d del Parque Francisco Tau.<\/p>\n\n\n\n<p>El evento, organizado por la Municipalidad de Bell Ville y la radio \u201cLa Hormiga\u201d, tuvo una convocatoria estimada de 600 asistentes en ambas jornadas. Cantidad de persona m\u00e1xima autorizada teniendo en cuenta las normas sanitarias imperantes.<\/p>\n\n\n\n<p>El d\u00eda viernes se hizo presente el rock con la actuaci\u00f3n de Los Gorgonitas, Emiliana Zapata, Rey Mamut, Sr. Wilardo, Inoxidables y Claridad Natural. Con respecto a esta \u00faltima, uno de sus integrantes y co-fundador, Nelson Alberto Ramazzotti, fue reconocido por su trayectoria como m\u00fasico local, y por ser uno de los impulsores en nuestra ciudad del rock.<\/p>\n\n\n\n<p>El s\u00e1bado tuvieron lugar los grupos folkl\u00f3ricos locales, El Chango Cruz, Fabi Visconti, Cami Pino, Raza Guitarrera, Guillermo Simonini.\u201cArte nuestro\u201d tuvo como principal objetivo convocar a los m\u00fasicos locales en un evento com\u00fan que los uniera mostrando su potencial, luego de un a\u00f1o marcado por la pandemia y la inactividad casi total en eventos art\u00edsticos.<\/p>\n","protected":false},"excerpt":{"rendered":"<p>El tiempo acompa\u00f1\u00f3 para que las dos noches, de viernes y s\u00e1bado, brillaran con sus diferentes matices [&hellip;]<\/p>\n","protected":false},"author":3,"featured_media":352,"comment_status":"open","ping_status":"open","sticky":false,"template":"","format":"standard","meta":{"spay_email":"","footnotes":"","jetpack_publicize_message":""},"categories":[10],"tags":[],"class_list":["post-351","post","type-post","status-publish","format-standard","has-post-thumbnail","hentry","category-bell-ville"],"jetpack_featured_media_url":"http:\/\/enteculturalsantafesino.com.ar\/sudeste\/wp-content\/uploads\/sites\/6\/2021\/03\/158896516_1538377643034274_7339661537786088740_o.jpg","jetpack_publicize_connections":[],"_links":{"self":[{"href":"http:\/\/enteculturalsantafesino.com.ar\/sudeste\/wp-json\/wp\/v2\/posts\/351"}],"collection":[{"href":"http:\/\/enteculturalsantafesino.com.ar\/sudeste\/wp-json\/wp\/v2\/posts"}],"about":[{"href":"http:\/\/enteculturalsantafesino.com.ar\/sudeste\/wp-json\/wp\/v2\/types\/post"}],"author":[{"embeddable":true,"href":"http:\/\/enteculturalsantafesino.com.ar\/sudeste\/wp-json\/wp\/v2\/users\/3"}],"replies":[{"embeddable":true,"href":"http:\/\/enteculturalsantafesino.com.ar\/sudeste\/wp-json\/wp\/v2\/comments?post=351"}],"version-history":[{"count":1,"href":"http:\/\/enteculturalsantafesino.com.ar\/sudeste\/wp-json\/wp\/v2\/posts\/351\/revisions"}],"predecessor-version":[{"id":353,"href":"http:\/\/enteculturalsantafesino.com.ar\/sudeste\/wp-json\/wp\/v2\/posts\/351\/revisions\/353"}],"wp:featuredmedia":[{"embeddable":true,"href":"http:\/\/enteculturalsantafesino.com.ar\/sudeste\/wp-json\/wp\/v2\/media\/352"}],"wp:attachment":[{"href":"http:\/\/enteculturalsantafesino.com.ar\/sudeste\/wp-json\/wp\/v2\/media?parent=351"}],"wp:term":[{"taxonomy":"category","embeddable":true,"href":"http:\/\/enteculturalsantafesino.com.ar\/sudeste\/wp-json\/wp\/v2\/categories?post=351"},{"taxonomy":"post_tag","embeddable":true,"href":"http:\/\/enteculturalsantafesino.com.ar\/sudeste\/wp-json\/wp\/v2\/tags?post=351"}],"curies":[{"name":"wp","href":"https:\/\/api.w.org\/{rel}","templated":true}]}}