{"id":424,"date":"2021-06-10T18:02:36","date_gmt":"2021-06-10T21:02:36","guid":{"rendered":"http:\/\/enteculturalsantafesino.com.ar\/sudeste\/?p=424"},"modified":"2021-06-10T18:02:38","modified_gmt":"2021-06-10T21:02:38","slug":"bell-ville-prepara-el-mes-del-medio-ambiente","status":"publish","type":"post","link":"http:\/\/enteculturalsantafesino.com.ar\/sudeste\/2021\/06\/10\/bell-ville-prepara-el-mes-del-medio-ambiente\/","title":{"rendered":"Bell Ville prepara el Mes del Medio Ambiente"},"content":{"rendered":"\n<p>La <strong>Asociaci\u00f3n para la Protecci\u00f3n del Ambiente y la Vida Silvestre (PROAVIS) <\/strong>y el <strong>\u00c1rea de Educaci\u00f3n y Cultura,<\/strong> ponen en marcha muestras tem\u00e1ticas virtuales y presenciales en el mes del Medio Ambiente y como forma de visibilizar la enorme riqueza de nuestra flora y fauna y el cuidado que debemos tener para su preservaci\u00f3n, a fin que sucesivas generaciones sigan disfrutando de este regalo que a diario nos hace nuestra madre naturaleza.<\/p>\n\n\n\n<p>Por redes sociales de PROAVIS y de la Municipalidad se publicar\u00e1n excelentes trabajos fotogr\u00e1ficos de Javier Oliva (Bell Ville), Marcelo Deco (Bell Ville), Laura Nin (Justiniano Posse) y Walter Solsona (Monte Buey).<\/p>\n\n\n\n<p>Tito Narosky supo decir: \u201cC\u00f3mo no creer en milagros si se vive inmersos en ellos. Si la atm\u00f3sfera que nos rodea est\u00e1 impregnada de sucesos fant\u00e1sticos. Si nuestra capacidad de admiraci\u00f3n aparece tibia entre la magnitud de los procesos naturales. Me iba a compadecer de la simpleza del ave, y levant\u00f3 vuelo\u201d.<\/p>\n\n\n\n<p><strong>AVES<\/strong><\/p>\n\n\n\n<p>De esta forma se prepara la ciudad para disfrutar de la muestra fotogr\u00e1fica por el<strong> Ente Cultural Cordob\u00e9s<\/strong> denominada: &#8220;<strong>Aves<\/strong>&#8221; perteneciente al fot\u00f3grafo Diego Bosco; la cual se expondr\u00e1 en el hall del edificio municipal entre el 18 de este mes y el 4 de julio. La misma estar\u00e1 acompa\u00f1ada de un herbario de la flora del espinal fruto de un proyecto realizado por PROAVIS en conjunto con el ISFD Profesorado Mariano Moreno y cedido a la Municipalidad para que pudiera ser expuesto donde lo considere apropiado.<\/p>\n\n\n\n<p>El proyecto destinado a conocer, valorar y proteger nuestra flora aut\u00f3ctona, fue elaborado por Mar\u00eda Alejandra Basili, Graciela M\u00f3nica Schafli y Carina Benecchi junto a las instituciones mencionadas.<\/p>\n\n\n\n<p>La informaci\u00f3n fue brindada por Claudio Mandile, presidente de PROAVIS, la profesora Schafli y Gustavo Calzolari, responsable del \u00c1rea de Educaci\u00f3n y Cultura de la Municipalidad.<\/p>\n","protected":false},"excerpt":{"rendered":"<p>La Asociaci\u00f3n para la Protecci\u00f3n del Ambiente y la Vida Silvestre (PROAVIS) y el \u00c1rea de Educaci\u00f3n [&hellip;]<\/p>\n","protected":false},"author":3,"featured_media":425,"comment_status":"open","ping_status":"open","sticky":false,"template":"","format":"standard","meta":{"spay_email":"","footnotes":"","jetpack_publicize_message":""},"categories":[10],"tags":[],"class_list":["post-424","post","type-post","status-publish","format-standard","has-post-thumbnail","hentry","category-bell-ville"],"jetpack_featured_media_url":"http:\/\/enteculturalsantafesino.com.ar\/sudeste\/wp-content\/uploads\/sites\/6\/2021\/06\/197496393_1603998856472152_7802409818853170870_n.jpg","jetpack_publicize_connections":[],"_links":{"self":[{"href":"http:\/\/enteculturalsantafesino.com.ar\/sudeste\/wp-json\/wp\/v2\/posts\/424"}],"collection":[{"href":"http:\/\/enteculturalsantafesino.com.ar\/sudeste\/wp-json\/wp\/v2\/posts"}],"about":[{"href":"http:\/\/enteculturalsantafesino.com.ar\/sudeste\/wp-json\/wp\/v2\/types\/post"}],"author":[{"embeddable":true,"href":"http:\/\/enteculturalsantafesino.com.ar\/sudeste\/wp-json\/wp\/v2\/users\/3"}],"replies":[{"embeddable":true,"href":"http:\/\/enteculturalsantafesino.com.ar\/sudeste\/wp-json\/wp\/v2\/comments?post=424"}],"version-history":[{"count":1,"href":"http:\/\/enteculturalsantafesino.com.ar\/sudeste\/wp-json\/wp\/v2\/posts\/424\/revisions"}],"predecessor-version":[{"id":426,"href":"http:\/\/enteculturalsantafesino.com.ar\/sudeste\/wp-json\/wp\/v2\/posts\/424\/revisions\/426"}],"wp:featuredmedia":[{"embeddable":true,"href":"http:\/\/enteculturalsantafesino.com.ar\/sudeste\/wp-json\/wp\/v2\/media\/425"}],"wp:attachment":[{"href":"http:\/\/enteculturalsantafesino.com.ar\/sudeste\/wp-json\/wp\/v2\/media?parent=424"}],"wp:term":[{"taxonomy":"category","embeddable":true,"href":"http:\/\/enteculturalsantafesino.com.ar\/sudeste\/wp-json\/wp\/v2\/categories?post=424"},{"taxonomy":"post_tag","embeddable":true,"href":"http:\/\/enteculturalsantafesino.com.ar\/sudeste\/wp-json\/wp\/v2\/tags?post=424"}],"curies":[{"name":"wp","href":"https:\/\/api.w.org\/{rel}","templated":true}]}}