{"id":427,"date":"2021-06-10T18:05:39","date_gmt":"2021-06-10T21:05:39","guid":{"rendered":"http:\/\/enteculturalsantafesino.com.ar\/sudeste\/?p=427"},"modified":"2021-06-10T18:05:41","modified_gmt":"2021-06-10T21:05:41","slug":"acordaf-promueve-una-capacitacion-virtual-sobre-vestuarios-para-danza-folclorica-y-malambo","status":"publish","type":"post","link":"http:\/\/enteculturalsantafesino.com.ar\/sudeste\/2021\/06\/10\/acordaf-promueve-una-capacitacion-virtual-sobre-vestuarios-para-danza-folclorica-y-malambo\/","title":{"rendered":"ACORDAF promueve una capacitaci\u00f3n virtual sobre vestuarios para danza folcl\u00f3rica y malambo."},"content":{"rendered":"\n<p>Carlos Sanabria, integrante de ACORDAF (Asociaci\u00f3n Cordobesa de la Danza Folcl\u00f3rica), inform\u00f3 que en el marco del encuentro de la \u201cHermandad Sudeste\u201d en la que para la instituci\u00f3n por regiones est\u00e1 dividida la provincia, este domingo por plataforma Zoom se presentar\u00e1n dos grandes ponencias referidas a la danza argentina, con el fin de enriquecer los conceptos que hace a la labor de quienes se dedican a esta apasionante actividad cultural.<\/p>\n\n\n\n<p>Las charlas que comenzar\u00e1n a las 18:00 del domingo, estar\u00e1n referidas a \u201cVestuario y la moda en la Danza Folkl\u00f3rica\u201d a cargo de la profesora Lorena Bossio y \u201cMalambo, uso y significado de su nombre\u201d, con el profesor Roger Carranza, como expositor.<\/p>\n\n\n\n<p>Para inscribirse los interesados de los Departamentos Marcos Ju\u00e1rez, Ju\u00e1rez Celman y Uni\u00f3n que conforman la \u201cHermandad Sudeste\u201d, deber\u00e1n contactarse con el profesor Carlos Sanabria, uno de los doce miembros de la Comisi\u00f3n Directiva de ACORDAF, electa en enero pasado.<\/p>\n\n\n\n<p>Por su parte, el encargado del \u00c1rea de Educaci\u00f3n y Cultura, Gustavo Calzolari, se\u00f1al\u00f3 que desde la Municipalidad se apoyar\u00e1 toda iniciativa de esa Asociaci\u00f3n que tiene por finalidad fortalecer la presencia y la actividad enmarcada en la danza folcl\u00f3rica argentina.<a href=\"https:\/\/www.facebook.com\/www.bellville.gov.ar\/photos\/pcb.1604025993136105\/1604024966469541\/?__cft__[0]=AZXafe-SZpKTJx8slr47JGAH85POIF5LfWJ9WtYFccHBFYzklFZfa9J5BbGSSJwKTZ5HdqWu7mzhBgSQghNhfRjRHqCLedJHZ-618FhTlpaE5yY8bbusjVDuUZucsbdNB0l4p9ey0RdwhsmaAgSPiIpn&amp;__tn__=*bH-R\"><\/a><a href=\"https:\/\/www.facebook.com\/www.bellville.gov.ar\/photos\/pcb.1604025993136105\/1604024989802872\/?__cft__[0]=AZXafe-SZpKTJx8slr47JGAH85POIF5LfWJ9WtYFccHBFYzklFZfa9J5BbGSSJwKTZ5HdqWu7mzhBgSQghNhfRjRHqCLedJHZ-618FhTlpaE5yY8bbusjVDuUZucsbdNB0l4p9ey0RdwhsmaAgSPiIpn&amp;__tn__=*bH-R\"><\/a><\/p>\n\n\n\n<p><\/p>\n","protected":false},"excerpt":{"rendered":"<p>Carlos Sanabria, integrante de ACORDAF (Asociaci\u00f3n Cordobesa de la Danza Folcl\u00f3rica), inform\u00f3 que en el marco del [&hellip;]<\/p>\n","protected":false},"author":3,"featured_media":428,"comment_status":"open","ping_status":"open","sticky":false,"template":"","format":"standard","meta":{"spay_email":"","footnotes":"","jetpack_publicize_message":""},"categories":[10],"tags":[],"class_list":["post-427","post","type-post","status-publish","format-standard","has-post-thumbnail","hentry","category-bell-ville"],"jetpack_featured_media_url":"http:\/\/enteculturalsantafesino.com.ar\/sudeste\/wp-content\/uploads\/sites\/6\/2021\/06\/199524535_1604024993136205_2441786012729728588_n.jpg","jetpack_publicize_connections":[],"_links":{"self":[{"href":"http:\/\/enteculturalsantafesino.com.ar\/sudeste\/wp-json\/wp\/v2\/posts\/427"}],"collection":[{"href":"http:\/\/enteculturalsantafesino.com.ar\/sudeste\/wp-json\/wp\/v2\/posts"}],"about":[{"href":"http:\/\/enteculturalsantafesino.com.ar\/sudeste\/wp-json\/wp\/v2\/types\/post"}],"author":[{"embeddable":true,"href":"http:\/\/enteculturalsantafesino.com.ar\/sudeste\/wp-json\/wp\/v2\/users\/3"}],"replies":[{"embeddable":true,"href":"http:\/\/enteculturalsantafesino.com.ar\/sudeste\/wp-json\/wp\/v2\/comments?post=427"}],"version-history":[{"count":1,"href":"http:\/\/enteculturalsantafesino.com.ar\/sudeste\/wp-json\/wp\/v2\/posts\/427\/revisions"}],"predecessor-version":[{"id":429,"href":"http:\/\/enteculturalsantafesino.com.ar\/sudeste\/wp-json\/wp\/v2\/posts\/427\/revisions\/429"}],"wp:featuredmedia":[{"embeddable":true,"href":"http:\/\/enteculturalsantafesino.com.ar\/sudeste\/wp-json\/wp\/v2\/media\/428"}],"wp:attachment":[{"href":"http:\/\/enteculturalsantafesino.com.ar\/sudeste\/wp-json\/wp\/v2\/media?parent=427"}],"wp:term":[{"taxonomy":"category","embeddable":true,"href":"http:\/\/enteculturalsantafesino.com.ar\/sudeste\/wp-json\/wp\/v2\/categories?post=427"},{"taxonomy":"post_tag","embeddable":true,"href":"http:\/\/enteculturalsantafesino.com.ar\/sudeste\/wp-json\/wp\/v2\/tags?post=427"}],"curies":[{"name":"wp","href":"https:\/\/api.w.org\/{rel}","templated":true}]}}