{"id":447,"date":"2021-07-19T21:55:44","date_gmt":"2021-07-20T00:55:44","guid":{"rendered":"http:\/\/enteculturalsantafesino.com.ar\/sudeste\/?p=447"},"modified":"2021-07-19T21:56:59","modified_gmt":"2021-07-20T00:56:59","slug":"marcos-juarez-disfruta-de-el-genaro-recorre-el-territorio","status":"publish","type":"post","link":"http:\/\/enteculturalsantafesino.com.ar\/sudeste\/2021\/07\/19\/marcos-juarez-disfruta-de-el-genaro-recorre-el-territorio\/","title":{"rendered":"Marcos Ju\u00e1rez disfruta de  &#8220;El Genaro recorre el territorio&#8221;"},"content":{"rendered":"\n<p>A trav\u00e9s de las gestiones llevadas adelante con la\u00a0<strong>Subsecretaria de la Municipalidad de C\u00f3rdoba<\/strong>; desde el\u00a0<strong>21 al 23 de julio<\/strong>\u00a0en<strong> Casa de la Cultura  <\/strong>de 9 a 14 hs y de 16 a 19 hs se podr\u00e1 visitar esta magnifica muestra perteneciente al\u00a0<strong>Museo Genaro P\u00e9rez.<\/strong><\/p>\n\n\n\n<figure class=\"wp-block-gallery columns-5 is-cropped wp-block-gallery-1 is-layout-flex wp-block-gallery-is-layout-flex\"><ul class=\"blocks-gallery-grid\"><li class=\"blocks-gallery-item\"><figure><img loading=\"lazy\" decoding=\"async\" width=\"1024\" height=\"768\" src=\"http:\/\/enteculturalsantafesino.com.ar\/sudeste\/wp-content\/uploads\/sites\/6\/2021\/07\/bf81bdc9-54bf-4606-8fab-91434aa8c0f8-1024x768.jpg\" alt=\"\" data-id=\"453\" data-full-url=\"http:\/\/enteculturalsantafesino.com.ar\/sudeste\/wp-content\/uploads\/sites\/6\/2021\/07\/bf81bdc9-54bf-4606-8fab-91434aa8c0f8.jpg\" data-link=\"http:\/\/enteculturalsantafesino.com.ar\/sudeste\/?attachment_id=453\" class=\"wp-image-453\" srcset=\"http:\/\/enteculturalsantafesino.com.ar\/sudeste\/wp-content\/uploads\/sites\/6\/2021\/07\/bf81bdc9-54bf-4606-8fab-91434aa8c0f8-1024x768.jpg 1024w, http:\/\/enteculturalsantafesino.com.ar\/sudeste\/wp-content\/uploads\/sites\/6\/2021\/07\/bf81bdc9-54bf-4606-8fab-91434aa8c0f8-300x225.jpg 300w, http:\/\/enteculturalsantafesino.com.ar\/sudeste\/wp-content\/uploads\/sites\/6\/2021\/07\/bf81bdc9-54bf-4606-8fab-91434aa8c0f8-768x576.jpg 768w, http:\/\/enteculturalsantafesino.com.ar\/sudeste\/wp-content\/uploads\/sites\/6\/2021\/07\/bf81bdc9-54bf-4606-8fab-91434aa8c0f8-1536x1152.jpg 1536w, http:\/\/enteculturalsantafesino.com.ar\/sudeste\/wp-content\/uploads\/sites\/6\/2021\/07\/bf81bdc9-54bf-4606-8fab-91434aa8c0f8.jpg 1600w\" sizes=\"(max-width: 1024px) 100vw, 1024px\" \/><\/figure><\/li><li class=\"blocks-gallery-item\"><figure><img loading=\"lazy\" decoding=\"async\" width=\"1024\" height=\"768\" src=\"http:\/\/enteculturalsantafesino.com.ar\/sudeste\/wp-content\/uploads\/sites\/6\/2021\/07\/be3a30a3-1b78-403d-894d-55c9c745a7a4-1024x768.jpg\" alt=\"\" data-id=\"452\" data-full-url=\"http:\/\/enteculturalsantafesino.com.ar\/sudeste\/wp-content\/uploads\/sites\/6\/2021\/07\/be3a30a3-1b78-403d-894d-55c9c745a7a4.jpg\" data-link=\"http:\/\/enteculturalsantafesino.com.ar\/sudeste\/?attachment_id=452\" class=\"wp-image-452\" srcset=\"http:\/\/enteculturalsantafesino.com.ar\/sudeste\/wp-content\/uploads\/sites\/6\/2021\/07\/be3a30a3-1b78-403d-894d-55c9c745a7a4-1024x768.jpg 1024w, http:\/\/enteculturalsantafesino.com.ar\/sudeste\/wp-content\/uploads\/sites\/6\/2021\/07\/be3a30a3-1b78-403d-894d-55c9c745a7a4-300x225.jpg 300w, http:\/\/enteculturalsantafesino.com.ar\/sudeste\/wp-content\/uploads\/sites\/6\/2021\/07\/be3a30a3-1b78-403d-894d-55c9c745a7a4-768x576.jpg 768w, http:\/\/enteculturalsantafesino.com.ar\/sudeste\/wp-content\/uploads\/sites\/6\/2021\/07\/be3a30a3-1b78-403d-894d-55c9c745a7a4-1536x1152.jpg 1536w, http:\/\/enteculturalsantafesino.com.ar\/sudeste\/wp-content\/uploads\/sites\/6\/2021\/07\/be3a30a3-1b78-403d-894d-55c9c745a7a4.jpg 1600w\" sizes=\"(max-width: 1024px) 100vw, 1024px\" \/><\/figure><\/li><li class=\"blocks-gallery-item\"><figure><img loading=\"lazy\" decoding=\"async\" width=\"1024\" height=\"768\" src=\"http:\/\/enteculturalsantafesino.com.ar\/sudeste\/wp-content\/uploads\/sites\/6\/2021\/07\/95af8576-a504-466e-b40e-427175e8e4fc-1024x768.jpg\" alt=\"\" data-id=\"451\" data-full-url=\"http:\/\/enteculturalsantafesino.com.ar\/sudeste\/wp-content\/uploads\/sites\/6\/2021\/07\/95af8576-a504-466e-b40e-427175e8e4fc.jpg\" data-link=\"http:\/\/enteculturalsantafesino.com.ar\/sudeste\/?attachment_id=451\" class=\"wp-image-451\" srcset=\"http:\/\/enteculturalsantafesino.com.ar\/sudeste\/wp-content\/uploads\/sites\/6\/2021\/07\/95af8576-a504-466e-b40e-427175e8e4fc-1024x768.jpg 1024w, http:\/\/enteculturalsantafesino.com.ar\/sudeste\/wp-content\/uploads\/sites\/6\/2021\/07\/95af8576-a504-466e-b40e-427175e8e4fc-300x225.jpg 300w, http:\/\/enteculturalsantafesino.com.ar\/sudeste\/wp-content\/uploads\/sites\/6\/2021\/07\/95af8576-a504-466e-b40e-427175e8e4fc-768x576.jpg 768w, http:\/\/enteculturalsantafesino.com.ar\/sudeste\/wp-content\/uploads\/sites\/6\/2021\/07\/95af8576-a504-466e-b40e-427175e8e4fc-1536x1152.jpg 1536w, http:\/\/enteculturalsantafesino.com.ar\/sudeste\/wp-content\/uploads\/sites\/6\/2021\/07\/95af8576-a504-466e-b40e-427175e8e4fc.jpg 1600w\" sizes=\"(max-width: 1024px) 100vw, 1024px\" \/><\/figure><\/li><li class=\"blocks-gallery-item\"><figure><img loading=\"lazy\" decoding=\"async\" width=\"768\" height=\"1024\" src=\"http:\/\/enteculturalsantafesino.com.ar\/sudeste\/wp-content\/uploads\/sites\/6\/2021\/07\/78f4b454-eb7b-45f2-9566-671d24cb42f4-768x1024.jpg\" alt=\"\" data-id=\"450\" data-full-url=\"http:\/\/enteculturalsantafesino.com.ar\/sudeste\/wp-content\/uploads\/sites\/6\/2021\/07\/78f4b454-eb7b-45f2-9566-671d24cb42f4.jpg\" data-link=\"http:\/\/enteculturalsantafesino.com.ar\/sudeste\/?attachment_id=450\" class=\"wp-image-450\" srcset=\"http:\/\/enteculturalsantafesino.com.ar\/sudeste\/wp-content\/uploads\/sites\/6\/2021\/07\/78f4b454-eb7b-45f2-9566-671d24cb42f4-768x1024.jpg 768w, http:\/\/enteculturalsantafesino.com.ar\/sudeste\/wp-content\/uploads\/sites\/6\/2021\/07\/78f4b454-eb7b-45f2-9566-671d24cb42f4-225x300.jpg 225w, http:\/\/enteculturalsantafesino.com.ar\/sudeste\/wp-content\/uploads\/sites\/6\/2021\/07\/78f4b454-eb7b-45f2-9566-671d24cb42f4-1152x1536.jpg 1152w, http:\/\/enteculturalsantafesino.com.ar\/sudeste\/wp-content\/uploads\/sites\/6\/2021\/07\/78f4b454-eb7b-45f2-9566-671d24cb42f4.jpg 1200w\" sizes=\"(max-width: 768px) 100vw, 768px\" \/><\/figure><\/li><li class=\"blocks-gallery-item\"><figure><img loading=\"lazy\" decoding=\"async\" width=\"1024\" height=\"768\" src=\"http:\/\/enteculturalsantafesino.com.ar\/sudeste\/wp-content\/uploads\/sites\/6\/2021\/07\/64d93281-a946-4267-928a-0f93d2922219-1024x768.jpg\" alt=\"\" data-id=\"449\" data-full-url=\"http:\/\/enteculturalsantafesino.com.ar\/sudeste\/wp-content\/uploads\/sites\/6\/2021\/07\/64d93281-a946-4267-928a-0f93d2922219.jpg\" data-link=\"http:\/\/enteculturalsantafesino.com.ar\/sudeste\/?attachment_id=449\" class=\"wp-image-449\" srcset=\"http:\/\/enteculturalsantafesino.com.ar\/sudeste\/wp-content\/uploads\/sites\/6\/2021\/07\/64d93281-a946-4267-928a-0f93d2922219-1024x768.jpg 1024w, http:\/\/enteculturalsantafesino.com.ar\/sudeste\/wp-content\/uploads\/sites\/6\/2021\/07\/64d93281-a946-4267-928a-0f93d2922219-300x225.jpg 300w, http:\/\/enteculturalsantafesino.com.ar\/sudeste\/wp-content\/uploads\/sites\/6\/2021\/07\/64d93281-a946-4267-928a-0f93d2922219-768x576.jpg 768w, http:\/\/enteculturalsantafesino.com.ar\/sudeste\/wp-content\/uploads\/sites\/6\/2021\/07\/64d93281-a946-4267-928a-0f93d2922219-1536x1152.jpg 1536w, http:\/\/enteculturalsantafesino.com.ar\/sudeste\/wp-content\/uploads\/sites\/6\/2021\/07\/64d93281-a946-4267-928a-0f93d2922219.jpg 1600w\" sizes=\"(max-width: 1024px) 100vw, 1024px\" \/><\/figure><\/li><\/ul><\/figure>\n\n\n\n<p>La muestra&nbsp;<strong>\u201cEl Genaro recorre el territorio\u201d<\/strong>&nbsp;presenta una selecci\u00f3n de la obra gr\u00e1fica de la&nbsp;<strong>Colecci\u00f3n Permanente del MGP<\/strong>, piezas de peque\u00f1o y mediano formato realizadas por grandes maestros.<\/p>\n\n\n\n<p><strong>Esta muestra itinerante recorrer\u00e1 diferentes localidades del sudeste provincial y la provincia de Santa Fe, en una iniciativa conjunta de vinculaci\u00f3n de los pueblos a trav\u00e9s de las artes y la cultura.<\/strong><\/p>\n\n\n\n<p>El&nbsp;<strong>Museo Genaro P\u00e9rez (MGP)<\/strong>, dependiente de la&nbsp;<strong>Subsecretar\u00eda de Cultura de la Municipalidad de C\u00f3rdoba<\/strong>, es sede resguardo, interpretaci\u00f3n y exhibici\u00f3n del m\u00e1s importante acervo de artes visuales de la&nbsp;<strong>Municipalidad de C\u00f3rdoba<\/strong>. Constituye asimismo un espacio de exposici\u00f3n de las expresiones art\u00edsticas contempor\u00e1neas de la ciudad capital y la regi\u00f3n.<\/p>\n\n\n\n<p><strong>Pablo Alel Secretario de Cultura , Educaci\u00f3n y Deportes de Noetinger&nbsp;<\/strong>se\u00f1al\u00f3 que dicha acci\u00f3n cultural sigue su recorrido por nuestra regi\u00f3n.&nbsp;<em>\u201cEl trabajo mancomunado que se viene desarrollando desde el a\u00f1o 2018 ya tiene sus logros, adapt\u00e1ndose a estos momentos de pandemia mundial\u201d<\/em>. \u201c<em>Nuestras redes culturales y la predisposici\u00f3n de la Subsecretaria de Cultura de la Municipalidad de C\u00f3rdoba nos llevan a federalizar y democratizar la cultura en el interior de nuestros territorios\u201d<\/em>.<\/p>\n\n\n\n<p>La&nbsp;<strong>Directora General de Gesti\u00f3n Cultural Julia Oliva C\u00faneo<\/strong>&nbsp;se\u00f1al\u00f3:&nbsp;<em>\u201cpara nosotros es un placer\u201d . \u201cMuy pocas veces sali\u00f3 el patrimonio del Museo y es la primera vez que sale de la ciudad; siendo fundamental, el trabajo articulado con los Entes\u201d.&nbsp;<\/em>\u201c<em>La pol\u00edtica de poder trascender mediante esta articulaci\u00f3n nos permite celebrar y proyectar m\u00e1s trabajos y acciones hacia adelante<\/em>\u201c.<\/p>\n","protected":false},"excerpt":{"rendered":"<p>A trav\u00e9s de las gestiones llevadas adelante con la\u00a0Subsecretaria de la Municipalidad de C\u00f3rdoba; desde el\u00a021 al [&hellip;]<\/p>\n","protected":false},"author":3,"featured_media":448,"comment_status":"open","ping_status":"open","sticky":false,"template":"","format":"standard","meta":{"spay_email":"","footnotes":"","jetpack_publicize_message":""},"categories":[6,5],"tags":[],"class_list":["post-447","post","type-post","status-publish","format-standard","has-post-thumbnail","hentry","category-ecsc","category-marcos-juarez"],"jetpack_featured_media_url":"http:\/\/enteculturalsantafesino.com.ar\/sudeste\/wp-content\/uploads\/sites\/6\/2021\/07\/81aff863-cfbf-41de-8ba0-d1cbe3abd612.jpg","jetpack_publicize_connections":[],"_links":{"self":[{"href":"http:\/\/enteculturalsantafesino.com.ar\/sudeste\/wp-json\/wp\/v2\/posts\/447"}],"collection":[{"href":"http:\/\/enteculturalsantafesino.com.ar\/sudeste\/wp-json\/wp\/v2\/posts"}],"about":[{"href":"http:\/\/enteculturalsantafesino.com.ar\/sudeste\/wp-json\/wp\/v2\/types\/post"}],"author":[{"embeddable":true,"href":"http:\/\/enteculturalsantafesino.com.ar\/sudeste\/wp-json\/wp\/v2\/users\/3"}],"replies":[{"embeddable":true,"href":"http:\/\/enteculturalsantafesino.com.ar\/sudeste\/wp-json\/wp\/v2\/comments?post=447"}],"version-history":[{"count":2,"href":"http:\/\/enteculturalsantafesino.com.ar\/sudeste\/wp-json\/wp\/v2\/posts\/447\/revisions"}],"predecessor-version":[{"id":455,"href":"http:\/\/enteculturalsantafesino.com.ar\/sudeste\/wp-json\/wp\/v2\/posts\/447\/revisions\/455"}],"wp:featuredmedia":[{"embeddable":true,"href":"http:\/\/enteculturalsantafesino.com.ar\/sudeste\/wp-json\/wp\/v2\/media\/448"}],"wp:attachment":[{"href":"http:\/\/enteculturalsantafesino.com.ar\/sudeste\/wp-json\/wp\/v2\/media?parent=447"}],"wp:term":[{"taxonomy":"category","embeddable":true,"href":"http:\/\/enteculturalsantafesino.com.ar\/sudeste\/wp-json\/wp\/v2\/categories?post=447"},{"taxonomy":"post_tag","embeddable":true,"href":"http:\/\/enteculturalsantafesino.com.ar\/sudeste\/wp-json\/wp\/v2\/tags?post=447"}],"curies":[{"name":"wp","href":"https:\/\/api.w.org\/{rel}","templated":true}]}}