{"id":456,"date":"2021-07-25T18:17:46","date_gmt":"2021-07-25T21:17:46","guid":{"rendered":"http:\/\/enteculturalsantafesino.com.ar\/sudeste\/?p=456"},"modified":"2021-07-25T18:17:49","modified_gmt":"2021-07-25T21:17:49","slug":"interesante-muestra-de-miniaturas-en-carton-en-el-centro-cultural-municipal","status":"publish","type":"post","link":"http:\/\/enteculturalsantafesino.com.ar\/sudeste\/2021\/07\/25\/interesante-muestra-de-miniaturas-en-carton-en-el-centro-cultural-municipal\/","title":{"rendered":"Interesante muestra de miniaturas en cart\u00f3n en el Centro Cultural Municipal."},"content":{"rendered":"\n<p>El responsable del <strong>\u00c1rea de Cultura y Educaci\u00f3n, Gustavo Calzolari,<\/strong> present\u00f3 la muestra del artista vocacional bellvillense Carlos Gonz\u00e1lez, quien dedica gran parte de su tiempo al dise\u00f1o y ejecuci\u00f3n de obras en miniatura de cart\u00f3n pintado.<\/p>\n\n\n\n<div class=\"wp-block-jetpack-slideshow aligncenter\" data-effect=\"slide\"><div class=\"wp-block-jetpack-slideshow_container swiper-container\"><ul class=\"wp-block-jetpack-slideshow_swiper-wrapper swiper-wrapper\"><li class=\"wp-block-jetpack-slideshow_slide swiper-slide\"><figure><img loading=\"lazy\" decoding=\"async\" width=\"1024\" height=\"683\" alt=\"\" class=\"wp-block-jetpack-slideshow_image wp-image-457\" data-id=\"457\" src=\"http:\/\/enteculturalsantafesino.com.ar\/sudeste\/wp-content\/uploads\/sites\/6\/2021\/07\/225830926_1635195006685870_746966092555422869_n-1024x683.jpg\" srcset=\"http:\/\/enteculturalsantafesino.com.ar\/sudeste\/wp-content\/uploads\/sites\/6\/2021\/07\/225830926_1635195006685870_746966092555422869_n-1024x683.jpg 1024w, http:\/\/enteculturalsantafesino.com.ar\/sudeste\/wp-content\/uploads\/sites\/6\/2021\/07\/225830926_1635195006685870_746966092555422869_n-300x200.jpg 300w, http:\/\/enteculturalsantafesino.com.ar\/sudeste\/wp-content\/uploads\/sites\/6\/2021\/07\/225830926_1635195006685870_746966092555422869_n-768x512.jpg 768w, http:\/\/enteculturalsantafesino.com.ar\/sudeste\/wp-content\/uploads\/sites\/6\/2021\/07\/225830926_1635195006685870_746966092555422869_n-1536x1024.jpg 1536w, http:\/\/enteculturalsantafesino.com.ar\/sudeste\/wp-content\/uploads\/sites\/6\/2021\/07\/225830926_1635195006685870_746966092555422869_n-589x392.jpg 589w, http:\/\/enteculturalsantafesino.com.ar\/sudeste\/wp-content\/uploads\/sites\/6\/2021\/07\/225830926_1635195006685870_746966092555422869_n.jpg 2048w\" sizes=\"(max-width: 1024px) 100vw, 1024px\" \/><\/figure><\/li><li class=\"wp-block-jetpack-slideshow_slide swiper-slide\"><figure><img loading=\"lazy\" decoding=\"async\" width=\"1024\" height=\"683\" alt=\"\" class=\"wp-block-jetpack-slideshow_image wp-image-458\" data-id=\"458\" src=\"http:\/\/enteculturalsantafesino.com.ar\/sudeste\/wp-content\/uploads\/sites\/6\/2021\/07\/226329959_1635200676685303_5965783130453604808_n-1024x683.jpg\" srcset=\"http:\/\/enteculturalsantafesino.com.ar\/sudeste\/wp-content\/uploads\/sites\/6\/2021\/07\/226329959_1635200676685303_5965783130453604808_n-1024x683.jpg 1024w, http:\/\/enteculturalsantafesino.com.ar\/sudeste\/wp-content\/uploads\/sites\/6\/2021\/07\/226329959_1635200676685303_5965783130453604808_n-300x200.jpg 300w, http:\/\/enteculturalsantafesino.com.ar\/sudeste\/wp-content\/uploads\/sites\/6\/2021\/07\/226329959_1635200676685303_5965783130453604808_n-768x512.jpg 768w, http:\/\/enteculturalsantafesino.com.ar\/sudeste\/wp-content\/uploads\/sites\/6\/2021\/07\/226329959_1635200676685303_5965783130453604808_n-1536x1024.jpg 1536w, http:\/\/enteculturalsantafesino.com.ar\/sudeste\/wp-content\/uploads\/sites\/6\/2021\/07\/226329959_1635200676685303_5965783130453604808_n-589x392.jpg 589w, http:\/\/enteculturalsantafesino.com.ar\/sudeste\/wp-content\/uploads\/sites\/6\/2021\/07\/226329959_1635200676685303_5965783130453604808_n.jpg 2048w\" sizes=\"(max-width: 1024px) 100vw, 1024px\" \/><\/figure><\/li><li class=\"wp-block-jetpack-slideshow_slide swiper-slide\"><figure><img loading=\"lazy\" decoding=\"async\" width=\"1024\" height=\"683\" alt=\"\" class=\"wp-block-jetpack-slideshow_image wp-image-459\" data-id=\"459\" src=\"http:\/\/enteculturalsantafesino.com.ar\/sudeste\/wp-content\/uploads\/sites\/6\/2021\/07\/226454399_1635195366685834_5112669045178847779_n-1024x683.jpg\" srcset=\"http:\/\/enteculturalsantafesino.com.ar\/sudeste\/wp-content\/uploads\/sites\/6\/2021\/07\/226454399_1635195366685834_5112669045178847779_n-1024x683.jpg 1024w, http:\/\/enteculturalsantafesino.com.ar\/sudeste\/wp-content\/uploads\/sites\/6\/2021\/07\/226454399_1635195366685834_5112669045178847779_n-300x200.jpg 300w, http:\/\/enteculturalsantafesino.com.ar\/sudeste\/wp-content\/uploads\/sites\/6\/2021\/07\/226454399_1635195366685834_5112669045178847779_n-768x512.jpg 768w, http:\/\/enteculturalsantafesino.com.ar\/sudeste\/wp-content\/uploads\/sites\/6\/2021\/07\/226454399_1635195366685834_5112669045178847779_n-1536x1024.jpg 1536w, http:\/\/enteculturalsantafesino.com.ar\/sudeste\/wp-content\/uploads\/sites\/6\/2021\/07\/226454399_1635195366685834_5112669045178847779_n-589x392.jpg 589w, http:\/\/enteculturalsantafesino.com.ar\/sudeste\/wp-content\/uploads\/sites\/6\/2021\/07\/226454399_1635195366685834_5112669045178847779_n.jpg 2048w\" sizes=\"(max-width: 1024px) 100vw, 1024px\" \/><\/figure><\/li><li class=\"wp-block-jetpack-slideshow_slide swiper-slide\"><figure><img loading=\"lazy\" decoding=\"async\" width=\"1024\" height=\"683\" alt=\"\" class=\"wp-block-jetpack-slideshow_image wp-image-460\" data-id=\"460\" src=\"http:\/\/enteculturalsantafesino.com.ar\/sudeste\/wp-content\/uploads\/sites\/6\/2021\/07\/226947902_1635198580018846_2746822635550879434_n-1024x683.jpg\" srcset=\"http:\/\/enteculturalsantafesino.com.ar\/sudeste\/wp-content\/uploads\/sites\/6\/2021\/07\/226947902_1635198580018846_2746822635550879434_n-1024x683.jpg 1024w, http:\/\/enteculturalsantafesino.com.ar\/sudeste\/wp-content\/uploads\/sites\/6\/2021\/07\/226947902_1635198580018846_2746822635550879434_n-300x200.jpg 300w, http:\/\/enteculturalsantafesino.com.ar\/sudeste\/wp-content\/uploads\/sites\/6\/2021\/07\/226947902_1635198580018846_2746822635550879434_n-768x512.jpg 768w, http:\/\/enteculturalsantafesino.com.ar\/sudeste\/wp-content\/uploads\/sites\/6\/2021\/07\/226947902_1635198580018846_2746822635550879434_n-1536x1024.jpg 1536w, http:\/\/enteculturalsantafesino.com.ar\/sudeste\/wp-content\/uploads\/sites\/6\/2021\/07\/226947902_1635198580018846_2746822635550879434_n-589x392.jpg 589w, http:\/\/enteculturalsantafesino.com.ar\/sudeste\/wp-content\/uploads\/sites\/6\/2021\/07\/226947902_1635198580018846_2746822635550879434_n.jpg 2048w\" sizes=\"(max-width: 1024px) 100vw, 1024px\" \/><\/figure><\/li><\/ul><a class=\"wp-block-jetpack-slideshow_button-prev swiper-button-prev swiper-button-white\" role=\"button\"><\/a><a class=\"wp-block-jetpack-slideshow_button-next swiper-button-next swiper-button-white\" role=\"button\"><\/a><a aria-label=\"Pause Slideshow\" class=\"wp-block-jetpack-slideshow_button-pause\" role=\"button\"><\/a><div class=\"wp-block-jetpack-slideshow_pagination swiper-pagination swiper-pagination-white\"><\/div><\/div><\/div>\n\n\n\n<p>Explic\u00f3 que \u201cCarlos ha tomado diferentes aspectos de la identidad social bellvillense y la ha llevado a cabo. Cada una de estas obras tiene una historia personal para el artista\u201d.<\/p>\n\n\n\n<p>Destac\u00f3 que es un orgullo contar con sus obras en el Centro Cultural Municipal, espacio que est\u00e1 abierto a todas las expresiones del arte y la educaci\u00f3n en general.<\/p>\n\n\n\n<p>Por su parte, Gonz\u00e1lez detall\u00f3 cada uno de sus trabajos, mencionando entre ellos el primer coche a motor con el que cont\u00f3 nuestra ciudad.<\/p>\n\n\n\n<p>Dijo que desde los 13 a\u00f1os trabaja en miniaturas de cart\u00f3n y papel, para lo cual previamente dibuja la pieza, la recorta, la pinta y arma la obra, con sorprendentes detalles muy peque\u00f1os, lo que garantiza la calidad y dedicaci\u00f3n de cada trabajo.<\/p>\n\n\n\n<p>La exposici\u00f3n puede visitarse de lunes a viernes de 07:00 a 14:00 en el Centro Cultural Municipal de bulevar Alcorta y P\u00edo Angulo.<\/p>\n","protected":false},"excerpt":{"rendered":"<p>El responsable del \u00c1rea de Cultura y Educaci\u00f3n, Gustavo Calzolari, present\u00f3 la muestra del artista vocacional bellvillense [&hellip;]<\/p>\n","protected":false},"author":3,"featured_media":458,"comment_status":"open","ping_status":"open","sticky":false,"template":"","format":"standard","meta":{"spay_email":"","footnotes":"","jetpack_publicize_message":""},"categories":[10],"tags":[],"class_list":["post-456","post","type-post","status-publish","format-standard","has-post-thumbnail","hentry","category-bell-ville"],"jetpack_featured_media_url":"http:\/\/enteculturalsantafesino.com.ar\/sudeste\/wp-content\/uploads\/sites\/6\/2021\/07\/226329959_1635200676685303_5965783130453604808_n.jpg","jetpack_publicize_connections":[],"_links":{"self":[{"href":"http:\/\/enteculturalsantafesino.com.ar\/sudeste\/wp-json\/wp\/v2\/posts\/456"}],"collection":[{"href":"http:\/\/enteculturalsantafesino.com.ar\/sudeste\/wp-json\/wp\/v2\/posts"}],"about":[{"href":"http:\/\/enteculturalsantafesino.com.ar\/sudeste\/wp-json\/wp\/v2\/types\/post"}],"author":[{"embeddable":true,"href":"http:\/\/enteculturalsantafesino.com.ar\/sudeste\/wp-json\/wp\/v2\/users\/3"}],"replies":[{"embeddable":true,"href":"http:\/\/enteculturalsantafesino.com.ar\/sudeste\/wp-json\/wp\/v2\/comments?post=456"}],"version-history":[{"count":1,"href":"http:\/\/enteculturalsantafesino.com.ar\/sudeste\/wp-json\/wp\/v2\/posts\/456\/revisions"}],"predecessor-version":[{"id":461,"href":"http:\/\/enteculturalsantafesino.com.ar\/sudeste\/wp-json\/wp\/v2\/posts\/456\/revisions\/461"}],"wp:featuredmedia":[{"embeddable":true,"href":"http:\/\/enteculturalsantafesino.com.ar\/sudeste\/wp-json\/wp\/v2\/media\/458"}],"wp:attachment":[{"href":"http:\/\/enteculturalsantafesino.com.ar\/sudeste\/wp-json\/wp\/v2\/media?parent=456"}],"wp:term":[{"taxonomy":"category","embeddable":true,"href":"http:\/\/enteculturalsantafesino.com.ar\/sudeste\/wp-json\/wp\/v2\/categories?post=456"},{"taxonomy":"post_tag","embeddable":true,"href":"http:\/\/enteculturalsantafesino.com.ar\/sudeste\/wp-json\/wp\/v2\/tags?post=456"}],"curies":[{"name":"wp","href":"https:\/\/api.w.org\/{rel}","templated":true}]}}