{"id":462,"date":"2021-07-25T18:24:06","date_gmt":"2021-07-25T21:24:06","guid":{"rendered":"http:\/\/enteculturalsantafesino.com.ar\/sudeste\/?p=462"},"modified":"2021-07-25T18:24:13","modified_gmt":"2021-07-25T21:24:13","slug":"la-muestra-aves-ya-se-expone-en-noetinger","status":"publish","type":"post","link":"http:\/\/enteculturalsantafesino.com.ar\/sudeste\/2021\/07\/25\/la-muestra-aves-ya-se-expone-en-noetinger\/","title":{"rendered":"La muestra &#8220;Aves&#8221; ya se expone en Noetinger"},"content":{"rendered":"\n<p>Comenz\u00f3 su recorrido en la <strong>Escuela Remedios Escala de San Mart\u00edn<\/strong> cuyo edificio es compartido con el <strong>CENMA N\u00b0296 &#8220;Jos\u00e9 Alberto Ram\u00f3n&#8221;<\/strong>, continuando por el resto de los colegios de la comunidad.<\/p>\n\n\n\n<p>Dicha exposici\u00f3n de 16 fotograf\u00edas visibiliza el talento del artista y su registro a las distintas aves aut\u00f3ctonas de la regi\u00f3n las cuales podr\u00e1n ser disfrutadas en las comunidades adheridas al Ente Cultural Cordob\u00e9s y Santafesino.<\/p>\n\n\n\n<p><strong>La mirada, los cambios clim\u00e1ticos, la sutileza, los colores, la s\u00edntesis son las herramientas de Diego Del Bosco para capturar desde su c\u00e1mara y pintar las alas de m\u00faltiples colores.<\/strong><\/p>\n\n\n\n<p><em>\u201cEste proyecto comenz\u00f3 siendo un hobby y con el paso del tiempo se convirti\u00f3 en un compromiso con la naturaleza\u201d<\/em>. manifest\u00f3 Del Bosco<\/p>\n\n\n\n<p><em>\u201cYa son muchas especies de aves fotografiadas en toda nuestra regi\u00f3n\u201d finaliz\u00f3 el destacado artista.<\/em><\/p>\n\n\n\n<p>Esta muestra itinerante promovida por el&nbsp;<strong>Ente Cultural Cordob\u00e9s<\/strong>&nbsp;seguir\u00e1 su recorrido por las comunidades de:&nbsp;<em>Inriville, Ordo\u00f1ez, General Roca, Noetinger, Cintra, San Antonio de Lit\u00edn, Silvio Pellico, Bell Ville y San Marcos Sud<\/em><\/p>\n","protected":false},"excerpt":{"rendered":"<p>Comenz\u00f3 su recorrido en la Escuela Remedios Escala de San Mart\u00edn cuyo edificio es compartido con el [&hellip;]<\/p>\n","protected":false},"author":3,"featured_media":463,"comment_status":"open","ping_status":"open","sticky":false,"template":"","format":"standard","meta":{"spay_email":"","footnotes":"","jetpack_publicize_message":""},"categories":[2],"tags":[],"class_list":["post-462","post","type-post","status-publish","format-standard","has-post-thumbnail","hentry","category-noetinger"],"jetpack_featured_media_url":"http:\/\/enteculturalsantafesino.com.ar\/sudeste\/wp-content\/uploads\/sites\/6\/2021\/07\/297924be-2ac0-48bd-b77e-271d36d14734.jpg","jetpack_publicize_connections":[],"_links":{"self":[{"href":"http:\/\/enteculturalsantafesino.com.ar\/sudeste\/wp-json\/wp\/v2\/posts\/462"}],"collection":[{"href":"http:\/\/enteculturalsantafesino.com.ar\/sudeste\/wp-json\/wp\/v2\/posts"}],"about":[{"href":"http:\/\/enteculturalsantafesino.com.ar\/sudeste\/wp-json\/wp\/v2\/types\/post"}],"author":[{"embeddable":true,"href":"http:\/\/enteculturalsantafesino.com.ar\/sudeste\/wp-json\/wp\/v2\/users\/3"}],"replies":[{"embeddable":true,"href":"http:\/\/enteculturalsantafesino.com.ar\/sudeste\/wp-json\/wp\/v2\/comments?post=462"}],"version-history":[{"count":1,"href":"http:\/\/enteculturalsantafesino.com.ar\/sudeste\/wp-json\/wp\/v2\/posts\/462\/revisions"}],"predecessor-version":[{"id":464,"href":"http:\/\/enteculturalsantafesino.com.ar\/sudeste\/wp-json\/wp\/v2\/posts\/462\/revisions\/464"}],"wp:featuredmedia":[{"embeddable":true,"href":"http:\/\/enteculturalsantafesino.com.ar\/sudeste\/wp-json\/wp\/v2\/media\/463"}],"wp:attachment":[{"href":"http:\/\/enteculturalsantafesino.com.ar\/sudeste\/wp-json\/wp\/v2\/media?parent=462"}],"wp:term":[{"taxonomy":"category","embeddable":true,"href":"http:\/\/enteculturalsantafesino.com.ar\/sudeste\/wp-json\/wp\/v2\/categories?post=462"},{"taxonomy":"post_tag","embeddable":true,"href":"http:\/\/enteculturalsantafesino.com.ar\/sudeste\/wp-json\/wp\/v2\/tags?post=462"}],"curies":[{"name":"wp","href":"https:\/\/api.w.org\/{rel}","templated":true}]}}