{"id":466,"date":"2021-08-02T18:25:33","date_gmt":"2021-08-02T21:25:33","guid":{"rendered":"http:\/\/enteculturalsantafesino.com.ar\/sudeste\/?p=466"},"modified":"2021-08-02T18:25:36","modified_gmt":"2021-08-02T21:25:36","slug":"la-muestra-aves-sigue-visitando-noetinger","status":"publish","type":"post","link":"http:\/\/enteculturalsantafesino.com.ar\/sudeste\/2021\/08\/02\/la-muestra-aves-sigue-visitando-noetinger\/","title":{"rendered":"La muestra &#8220;Aves&#8221; sigue visitando Noetinger"},"content":{"rendered":"\n<p>La muestra itinerante sigue su recorrido por la ciudad en distintos establecimientos educativos. En esta oportunidad se puede visitar y disfrutar en las instalaciones del <strong>Instituto Secundario<\/strong>.<\/p>\n\n\n\n<p>Dicha exposici\u00f3n de 16 fotograf\u00edas visibiliza el talento del artista y su registro a las distintas aves aut\u00f3ctonas de la regi\u00f3n las cuales podr\u00e1n ser disfrutadas en las comunidades adheridas al Ente Cultural Cordob\u00e9s y Santafesino.<\/p>\n\n\n\n<p><strong>La mirada, los cambios clim\u00e1ticos, la sutileza, los colores, la s\u00edntesis son las herramientas de Diego Del Bosco para capturar desde su c\u00e1mara y pintar las alas de m\u00faltiples colores.<\/strong><\/p>\n\n\n\n<p><em>\u201cEste proyecto comenz\u00f3 siendo un hobby y con el paso del tiempo se convirti\u00f3 en un compromiso con la naturaleza\u201d<\/em>. manifest\u00f3 Del Bosco<\/p>\n\n\n\n<p><em>\u201cYa son muchas especies de aves fotografiadas en toda nuestra regi\u00f3n\u201d finaliz\u00f3 el destacado artista.<\/em><\/p>\n\n\n\n<p>Esta muestra itinerante promovida por el&nbsp;<strong>Ente Cultural Cordob\u00e9s<\/strong>&nbsp;seguir\u00e1 su recorrido por las comunidades de:&nbsp;<em>Inriville, Ordo\u00f1ez, General Roca, Noetinger, Cintra, San Antonio de Lit\u00edn, Silvio Pellico, Bell Ville y San Marcos Sud<\/em><\/p>\n","protected":false},"excerpt":{"rendered":"<p>La muestra itinerante sigue su recorrido por la ciudad en distintos establecimientos educativos. En esta oportunidad se [&hellip;]<\/p>\n","protected":false},"author":3,"featured_media":467,"comment_status":"open","ping_status":"open","sticky":false,"template":"","format":"standard","meta":{"spay_email":"","footnotes":"","jetpack_publicize_message":""},"categories":[2],"tags":[],"class_list":["post-466","post","type-post","status-publish","format-standard","has-post-thumbnail","hentry","category-noetinger"],"jetpack_featured_media_url":"http:\/\/enteculturalsantafesino.com.ar\/sudeste\/wp-content\/uploads\/sites\/6\/2021\/08\/67ebdf03-014d-4741-8ad6-4c8a4a0d0f74.jpg","jetpack_publicize_connections":[],"_links":{"self":[{"href":"http:\/\/enteculturalsantafesino.com.ar\/sudeste\/wp-json\/wp\/v2\/posts\/466"}],"collection":[{"href":"http:\/\/enteculturalsantafesino.com.ar\/sudeste\/wp-json\/wp\/v2\/posts"}],"about":[{"href":"http:\/\/enteculturalsantafesino.com.ar\/sudeste\/wp-json\/wp\/v2\/types\/post"}],"author":[{"embeddable":true,"href":"http:\/\/enteculturalsantafesino.com.ar\/sudeste\/wp-json\/wp\/v2\/users\/3"}],"replies":[{"embeddable":true,"href":"http:\/\/enteculturalsantafesino.com.ar\/sudeste\/wp-json\/wp\/v2\/comments?post=466"}],"version-history":[{"count":1,"href":"http:\/\/enteculturalsantafesino.com.ar\/sudeste\/wp-json\/wp\/v2\/posts\/466\/revisions"}],"predecessor-version":[{"id":468,"href":"http:\/\/enteculturalsantafesino.com.ar\/sudeste\/wp-json\/wp\/v2\/posts\/466\/revisions\/468"}],"wp:featuredmedia":[{"embeddable":true,"href":"http:\/\/enteculturalsantafesino.com.ar\/sudeste\/wp-json\/wp\/v2\/media\/467"}],"wp:attachment":[{"href":"http:\/\/enteculturalsantafesino.com.ar\/sudeste\/wp-json\/wp\/v2\/media?parent=466"}],"wp:term":[{"taxonomy":"category","embeddable":true,"href":"http:\/\/enteculturalsantafesino.com.ar\/sudeste\/wp-json\/wp\/v2\/categories?post=466"},{"taxonomy":"post_tag","embeddable":true,"href":"http:\/\/enteculturalsantafesino.com.ar\/sudeste\/wp-json\/wp\/v2\/tags?post=466"}],"curies":[{"name":"wp","href":"https:\/\/api.w.org\/{rel}","templated":true}]}}