{"id":472,"date":"2021-08-02T18:32:44","date_gmt":"2021-08-02T21:32:44","guid":{"rendered":"http:\/\/enteculturalsantafesino.com.ar\/sudeste\/?p=472"},"modified":"2021-08-02T18:32:47","modified_gmt":"2021-08-02T21:32:47","slug":"del-28-al-31-de-octubre-proximo-se-cumplira-la-xiv-feria-del-libro-2021","status":"publish","type":"post","link":"http:\/\/enteculturalsantafesino.com.ar\/sudeste\/2021\/08\/02\/del-28-al-31-de-octubre-proximo-se-cumplira-la-xiv-feria-del-libro-2021\/","title":{"rendered":"Del 28 al 31 de octubre pr\u00f3ximo se cumplir\u00e1 la XIV Feria del Libro 2021."},"content":{"rendered":"\n<p>El encargado de Educaci\u00f3n y Cultura, Gustavo Calzolari, inform\u00f3 que por segundo a\u00f1o consecutivo en forma virtual y en su XIV edici\u00f3n ininterrumpida a nivel general, se desarrollar\u00e1 la Feria del Libro 2021 los d\u00edas 28, 29, 30 y 31 de octubre pr\u00f3ximo.<\/p>\n\n\n\n<p>Anunci\u00f3 adem\u00e1s que si cesan o modifican restricciones por la pandemia, algunas presentaciones se podr\u00edan hacer de forma presencial con autores de libros, principalmente.<\/p>\n\n\n\n<p>Las inscripciones de interesados para env\u00edo de material a exponer vencen el venidero 30 de septiembre.<\/p>\n\n\n\n<p>\u201cEs una convocatoria que estamos haciendo a nivel local, zonal, provincial, nacional e internacional. Ser\u00e1n 10 espacios que van a estar cargados en nuestra p\u00e1gina web municipal y al igual que el a\u00f1o pasado, quedar\u00e1n a disposici\u00f3n para que puedan ser vistos en cualquier momento. El YouTube permite visualizar este material educativo, literario y social a trav\u00e9s del tiempo\u201d, a\u00f1adi\u00f3.<\/p>\n\n\n\n<p>En ese sentido afirm\u00f3 que la Feria del Libro del a\u00f1o pasado, con 120 videos, cont\u00f3 con m\u00e1s de 60.000 visualizaciones.<\/p>\n\n\n\n<p>A la vez agradeci\u00f3 al Mgter. Ignacio Vezzoni el aporte hecho para la Feria del a\u00f1o pasado y lo que est\u00e1 haciendo por la del 2021.Por su parte, la directora de Comunicaci\u00f3n del municipio, Carolina Pranzoni, dijo que los que participaron el a\u00f1o pasado ya cuentan con la modalidad para este 2021 y los que quieren ingresar a la presente Feria, en la p\u00e1gina web de la Municipalidad se publicar\u00e1 el \u00edcono de la edici\u00f3n 2021 para conocer las bases y condiciones.<\/p>\n","protected":false},"excerpt":{"rendered":"<p>El encargado de Educaci\u00f3n y Cultura, Gustavo Calzolari, inform\u00f3 que por segundo a\u00f1o consecutivo en forma virtual [&hellip;]<\/p>\n","protected":false},"author":3,"featured_media":473,"comment_status":"open","ping_status":"open","sticky":false,"template":"","format":"standard","meta":{"spay_email":"","footnotes":"","jetpack_publicize_message":""},"categories":[10],"tags":[],"class_list":["post-472","post","type-post","status-publish","format-standard","has-post-thumbnail","hentry","category-bell-ville"],"jetpack_featured_media_url":"http:\/\/enteculturalsantafesino.com.ar\/sudeste\/wp-content\/uploads\/sites\/6\/2021\/08\/232289245_1639873419551362_3542897786240308256_n.jpg","jetpack_publicize_connections":[],"_links":{"self":[{"href":"http:\/\/enteculturalsantafesino.com.ar\/sudeste\/wp-json\/wp\/v2\/posts\/472"}],"collection":[{"href":"http:\/\/enteculturalsantafesino.com.ar\/sudeste\/wp-json\/wp\/v2\/posts"}],"about":[{"href":"http:\/\/enteculturalsantafesino.com.ar\/sudeste\/wp-json\/wp\/v2\/types\/post"}],"author":[{"embeddable":true,"href":"http:\/\/enteculturalsantafesino.com.ar\/sudeste\/wp-json\/wp\/v2\/users\/3"}],"replies":[{"embeddable":true,"href":"http:\/\/enteculturalsantafesino.com.ar\/sudeste\/wp-json\/wp\/v2\/comments?post=472"}],"version-history":[{"count":1,"href":"http:\/\/enteculturalsantafesino.com.ar\/sudeste\/wp-json\/wp\/v2\/posts\/472\/revisions"}],"predecessor-version":[{"id":474,"href":"http:\/\/enteculturalsantafesino.com.ar\/sudeste\/wp-json\/wp\/v2\/posts\/472\/revisions\/474"}],"wp:featuredmedia":[{"embeddable":true,"href":"http:\/\/enteculturalsantafesino.com.ar\/sudeste\/wp-json\/wp\/v2\/media\/473"}],"wp:attachment":[{"href":"http:\/\/enteculturalsantafesino.com.ar\/sudeste\/wp-json\/wp\/v2\/media?parent=472"}],"wp:term":[{"taxonomy":"category","embeddable":true,"href":"http:\/\/enteculturalsantafesino.com.ar\/sudeste\/wp-json\/wp\/v2\/categories?post=472"},{"taxonomy":"post_tag","embeddable":true,"href":"http:\/\/enteculturalsantafesino.com.ar\/sudeste\/wp-json\/wp\/v2\/tags?post=472"}],"curies":[{"name":"wp","href":"https:\/\/api.w.org\/{rel}","templated":true}]}}