{"id":475,"date":"2021-08-03T18:47:01","date_gmt":"2021-08-03T21:47:01","guid":{"rendered":"http:\/\/enteculturalsantafesino.com.ar\/sudeste\/?p=475"},"modified":"2021-08-03T18:47:04","modified_gmt":"2021-08-03T21:47:04","slug":"se-confirmo-la-realizacion-del-festival-de-teatro-del-interior-cordobes-en-bell-ville","status":"publish","type":"post","link":"http:\/\/enteculturalsantafesino.com.ar\/sudeste\/2021\/08\/03\/se-confirmo-la-realizacion-del-festival-de-teatro-del-interior-cordobes-en-bell-ville\/","title":{"rendered":"Se confirm\u00f3 la realizaci\u00f3n del &#8220;Festival de Teatro del Interior Cordob\u00e9s&#8221; en Bell Ville"},"content":{"rendered":"\n<p>Silvia Rodr\u00edguez, en nombre de la organizaci\u00f3n del encuentro cultural, anunci\u00f3 que entre el 13 y el 17 de agosto, se llevar\u00e1 a cabo en la sala Tau Cervantes de Rivadavia 67 de nuestra ciudad, el <strong>1\u00ba Festival de Teatro del Interior Cordob\u00e9s<\/strong>, \u00fanico presencial en todo el pa\u00eds.<\/p>\n\n\n\n<p>Respetando los protocolos establecidos por la pandemia, se desarrollar\u00e1n distintas actividades vinculadas a la actividad teatral y otras expresiones art\u00edsticas, para lo cual se congregar\u00e1n estudiantes de teatro, actores y t\u00e9cnicos. Participar\u00e1n elencos y artistas de Villa Mar\u00eda, Marcos Ju\u00e1rez, Leones, Camilo Aldao, C\u00f3rdoba, Salsipuedes y Bell Ville.\u201cConvocamos a la comunidad de la ciudad y la regi\u00f3n para que nos acompa\u00f1en\u201d, sostuvo la titular del Grupo A Todo Teatro.<\/p>\n\n\n\n<p>Anticip\u00f3 que habr\u00e1 8 obras de teatro que se presentar\u00e1n desde el s\u00e1bado y hasta el martes, adem\u00e1s de capacitaciones en esa especialidad art\u00edstica. Otras actividades se cumplir\u00e1n en el Centro Cultural Municipal, de bulevar Alcorta y P\u00edo Angulo y Planeta Azul-Club Cultural, con m\u00fasica y mon\u00f3logos, previ\u00e9ndose adem\u00e1s una obra para ni\u00f1as y ni\u00f1os proveniente de la ciudad de C\u00f3rdoba, dirigida por el actor bellvillense Gabriel Coba.<\/p>\n\n\n\n<p>En ese sentido adelant\u00f3 que el domingo, en la sala Tau-Cervantes, habr\u00e1 dos funciones, 15:00 hs. para el p\u00fablico en general y a las 17:00, destinada a los peque\u00f1os que participan de los N\u00facleos Barriales de la Municipalidad.<\/p>\n\n\n\n<p>En cuanto a los costos, Rodr\u00edguez dijo que hay entradas de $ 500 para las funciones individuales y con acceso a las dos obras que se presenten ese d\u00eda. Tambi\u00e9n existe la posibilidad de abonar $ 1.500 y acceder a las 7 obras destinadas para adultos.<\/p>\n\n\n\n<p>Tambi\u00e9n est\u00e1 prevista la participaci\u00f3n de Ramiro Lezcano con su proyecto \u201cCanciones urgentes para mi tierra\u201d en el Centro Cultural Municipal el viernes 13 y una muestra del artista local Carlos L\u00f3pez \u00c1lvarez, cuyas obras se expondr\u00e1n en el multiespacio Tau-Cervantes, resumiendo sus 50 a\u00f1os de trayectoria. Para m\u00e1s informaci\u00f3n comunicarse al 3537676371 o al email silrod299@gmail.com De la conferencia de prensa, tambi\u00e9n participaron Carlos L\u00f3pez \u00c1lvarez (artista pl\u00e1stico), Fabi\u00e1n Zavaleta (Tau Cervantes) y Gustavo Calzolari (\u00c1rea de Cultura Municipalidad).<\/p>\n","protected":false},"excerpt":{"rendered":"<p>Silvia Rodr\u00edguez, en nombre de la organizaci\u00f3n del encuentro cultural, anunci\u00f3 que entre el 13 y el [&hellip;]<\/p>\n","protected":false},"author":3,"featured_media":476,"comment_status":"open","ping_status":"open","sticky":false,"template":"","format":"standard","meta":{"spay_email":"","footnotes":"","jetpack_publicize_message":""},"categories":[10],"tags":[],"class_list":["post-475","post","type-post","status-publish","format-standard","has-post-thumbnail","hentry","category-bell-ville"],"jetpack_featured_media_url":"http:\/\/enteculturalsantafesino.com.ar\/sudeste\/wp-content\/uploads\/sites\/6\/2021\/08\/233563598_1641228696082501_2630338220049633933_n.jpg","jetpack_publicize_connections":[],"_links":{"self":[{"href":"http:\/\/enteculturalsantafesino.com.ar\/sudeste\/wp-json\/wp\/v2\/posts\/475"}],"collection":[{"href":"http:\/\/enteculturalsantafesino.com.ar\/sudeste\/wp-json\/wp\/v2\/posts"}],"about":[{"href":"http:\/\/enteculturalsantafesino.com.ar\/sudeste\/wp-json\/wp\/v2\/types\/post"}],"author":[{"embeddable":true,"href":"http:\/\/enteculturalsantafesino.com.ar\/sudeste\/wp-json\/wp\/v2\/users\/3"}],"replies":[{"embeddable":true,"href":"http:\/\/enteculturalsantafesino.com.ar\/sudeste\/wp-json\/wp\/v2\/comments?post=475"}],"version-history":[{"count":1,"href":"http:\/\/enteculturalsantafesino.com.ar\/sudeste\/wp-json\/wp\/v2\/posts\/475\/revisions"}],"predecessor-version":[{"id":477,"href":"http:\/\/enteculturalsantafesino.com.ar\/sudeste\/wp-json\/wp\/v2\/posts\/475\/revisions\/477"}],"wp:featuredmedia":[{"embeddable":true,"href":"http:\/\/enteculturalsantafesino.com.ar\/sudeste\/wp-json\/wp\/v2\/media\/476"}],"wp:attachment":[{"href":"http:\/\/enteculturalsantafesino.com.ar\/sudeste\/wp-json\/wp\/v2\/media?parent=475"}],"wp:term":[{"taxonomy":"category","embeddable":true,"href":"http:\/\/enteculturalsantafesino.com.ar\/sudeste\/wp-json\/wp\/v2\/categories?post=475"},{"taxonomy":"post_tag","embeddable":true,"href":"http:\/\/enteculturalsantafesino.com.ar\/sudeste\/wp-json\/wp\/v2\/tags?post=475"}],"curies":[{"name":"wp","href":"https:\/\/api.w.org\/{rel}","templated":true}]}}