{"id":578,"date":"2022-03-08T20:21:40","date_gmt":"2022-03-08T23:21:40","guid":{"rendered":"http:\/\/enteculturalsantafesino.com.ar\/sudeste\/?p=578"},"modified":"2022-03-08T20:21:43","modified_gmt":"2022-03-08T23:21:43","slug":"los-nucleos-barriales-culturales-inician-sus-actividades-el-lunes-14-de-marzo","status":"publish","type":"post","link":"http:\/\/enteculturalsantafesino.com.ar\/sudeste\/2022\/03\/08\/los-nucleos-barriales-culturales-inician-sus-actividades-el-lunes-14-de-marzo\/","title":{"rendered":"Los N\u00facleos Barriales Culturales inician sus actividades el lunes 14 de marzo."},"content":{"rendered":"\n<p>La encargada del \u00e1rea, Josefina Garrone, anunci\u00f3 que el lunes 14 de marzo tambi\u00e9n se ponen en marcha los N\u00facleos Barriales Culturales en 17 espacios diseminados en toda la ciudad, reuniendo a 57 talleres en total.<\/p>\n\n\n\n<p>Dijo que este a\u00f1o, m\u00e1s all\u00e1 de la oferta acad\u00e9mica que se ven\u00eda desarrollando el a\u00f1o pasado, se le agregar\u00e1n 10 talleres m\u00e1s, figurando entre ellos Alfabetizaci\u00f3n en Adultos y Pintura, Reciclado y Folclore para personas con discapacidad.<\/p>\n\n\n\n<p>Destac\u00f3 que los talleres son gratuitos para todos los participantes y a partir de la pr\u00f3xima semana la informaci\u00f3n estar\u00e1 en la p\u00e1gina oficial de la Municipalidad (<a rel=\"noreferrer noopener\" href=\"https:\/\/l.facebook.com\/l.php?u=http%3A%2F%2Fwww.bellville.gob.ar%2F%3Ffbclid%3DIwAR3ZTyyw_cn_MknJ87PknFXrUc8NwPUgJ1au0tfQKu5StHNj5hF8mejZJtk&amp;h=AT0galMea-9yk1CTxqDasstBMpWx4l7JlBHCuab7lvPZJxUF6lg5AhAikOjrIvMI2NcDVqkwn_ieEtHrpWBV87uchkUp4yRv782SySf2WTqgZLPA0SwKAWVx4DkibhXV07uZ&amp;__tn__=-UK-R&amp;c[0]=AT1UvD3TmhZ2QDQX0iSmj5q3SnsN-nRBWg90cAYLPRK6O-apGrMow1-sI1FmVs7SMuqqy3S3gvzCs6Y1Q52ay9-sclbuk4ysKdfzGf_PgmTvkLXmBncfFHEJioNiRguUeePGX3NaISHEZ0pZoE_SYFBzCGPpk9MUvildcFDfDsFh-cU\" target=\"_blank\">www.bellville.gob.ar<\/a>) \u2013 Bot\u00f3n N\u00facleos Barriales.Las actividades propuestas son para ni\u00f1os, adolescentes y adultos mayores.<\/p>\n","protected":false},"excerpt":{"rendered":"<p>La encargada del \u00e1rea, Josefina Garrone, anunci\u00f3 que el lunes 14 de marzo tambi\u00e9n se ponen en [&hellip;]<\/p>\n","protected":false},"author":3,"featured_media":579,"comment_status":"open","ping_status":"open","sticky":false,"template":"","format":"standard","meta":{"spay_email":"","footnotes":"","jetpack_publicize_message":""},"categories":[10],"tags":[],"class_list":["post-578","post","type-post","status-publish","format-standard","has-post-thumbnail","hentry","category-bell-ville"],"jetpack_featured_media_url":"http:\/\/enteculturalsantafesino.com.ar\/sudeste\/wp-content\/uploads\/sites\/6\/2022\/03\/275211692_1788800644658638_2042166739462672166_n.jpg","jetpack_publicize_connections":[],"_links":{"self":[{"href":"http:\/\/enteculturalsantafesino.com.ar\/sudeste\/wp-json\/wp\/v2\/posts\/578"}],"collection":[{"href":"http:\/\/enteculturalsantafesino.com.ar\/sudeste\/wp-json\/wp\/v2\/posts"}],"about":[{"href":"http:\/\/enteculturalsantafesino.com.ar\/sudeste\/wp-json\/wp\/v2\/types\/post"}],"author":[{"embeddable":true,"href":"http:\/\/enteculturalsantafesino.com.ar\/sudeste\/wp-json\/wp\/v2\/users\/3"}],"replies":[{"embeddable":true,"href":"http:\/\/enteculturalsantafesino.com.ar\/sudeste\/wp-json\/wp\/v2\/comments?post=578"}],"version-history":[{"count":1,"href":"http:\/\/enteculturalsantafesino.com.ar\/sudeste\/wp-json\/wp\/v2\/posts\/578\/revisions"}],"predecessor-version":[{"id":580,"href":"http:\/\/enteculturalsantafesino.com.ar\/sudeste\/wp-json\/wp\/v2\/posts\/578\/revisions\/580"}],"wp:featuredmedia":[{"embeddable":true,"href":"http:\/\/enteculturalsantafesino.com.ar\/sudeste\/wp-json\/wp\/v2\/media\/579"}],"wp:attachment":[{"href":"http:\/\/enteculturalsantafesino.com.ar\/sudeste\/wp-json\/wp\/v2\/media?parent=578"}],"wp:term":[{"taxonomy":"category","embeddable":true,"href":"http:\/\/enteculturalsantafesino.com.ar\/sudeste\/wp-json\/wp\/v2\/categories?post=578"},{"taxonomy":"post_tag","embeddable":true,"href":"http:\/\/enteculturalsantafesino.com.ar\/sudeste\/wp-json\/wp\/v2\/tags?post=578"}],"curies":[{"name":"wp","href":"https:\/\/api.w.org\/{rel}","templated":true}]}}