{"id":581,"date":"2022-03-08T20:23:31","date_gmt":"2022-03-08T23:23:31","guid":{"rendered":"http:\/\/enteculturalsantafesino.com.ar\/sudeste\/?p=581"},"modified":"2022-03-08T20:23:34","modified_gmt":"2022-03-08T23:23:34","slug":"comenzaron-las-intervenciones-artisticas-en-el-paseo-de-la-mujer-florentina-gomez-miranda","status":"publish","type":"post","link":"http:\/\/enteculturalsantafesino.com.ar\/sudeste\/2022\/03\/08\/comenzaron-las-intervenciones-artisticas-en-el-paseo-de-la-mujer-florentina-gomez-miranda\/","title":{"rendered":"Comenzaron las intervenciones art\u00edsticas en el Paseo de la Mujer \u201cFlorentina G\u00f3mez Miranda\u201d."},"content":{"rendered":"\n<p>Como parte de la conmemoraci\u00f3n por el D\u00eda Internacional de la Mujer, se iniciaron distintos trabajos en los pilares de fibrocemento que conforman el Paseo de la Mujer \u201cFlorentina G\u00f3mez Miranda\u201d, en la confluencia de avenida L\u00f3pez Ballesteros y calle R\u00edo Quillinzo.<\/p>\n\n\n\n<p>Participan alumnos, exalumnos, docentes y maestros jubilados de la Escuela de Bellas Artes \u201cFernando Fader\u201d, denominado \u201cLas mujeres en el arte en diferentes disciplinas\u201d, incluyendo pintura, escultura, cine, danza, etc.Vale destacar que el material empleado en los trabajos fue aportado por la Municipalidad a trav\u00e9s de la Oficina de la Mujer.<\/p>\n\n\n\n<p>En el inicio de las actividades estuvo presente el intendente municipal, Carlos Briner, quien salud\u00f3 a los que est\u00e1n cumpliendo sus actividades art\u00edsticas.La titular de la Oficina de la Mujer, Berta Su\u00e1rez, agradeci\u00f3 a la comunidad educativa del establecimiento educativo la colaboraci\u00f3n para cumplir con el trabajo art\u00edstico, que demandar\u00e1 casi un mes de labor.<\/p>\n\n\n\n<p>Tambi\u00e9n hizo menci\u00f3n a la Prof. Josefina Garrone por ser, dijo, \u201cla art\u00edfice de este bello proyecto que jerarquizar\u00e1 este paseo que es un reconocimiento a la lucha diaria de las mujeres para ocupar su lugar\u201d.<\/p>\n\n\n\n<p>Finalmente, alent\u00f3 a las mujeres a continuar luchando por sus derechos.Por su parte, Paula Mariani, directora de la Escuela Superior de Bellas Artes \u201cFernando Fader\u201d, dijo que esta intervenci\u00f3n es muy significativa para la instituci\u00f3n ya que por un lado es la conmemoraci\u00f3n del D\u00eda Internacional de la Mujer y por el otro, el establecimiento educativo festeja en este 2022 sus 80 a\u00f1os de vida impartiendo educaci\u00f3n art\u00edstica.<\/p>\n\n\n\n<p>El trabajo est\u00e1 organizado en equipos. Por un lado los estudiantes (intervenciones en bancos) y por el otro los profesores y egresados (trabajos en los pilares), teniendo como \u00fanico eje de orientaci\u00f3n las disciplinas de la escuela con sus lenguajes art\u00edsticos como danza, pintura, m\u00fasica, etc.<\/p>\n\n\n\n<p>Finalmente, el presidente del Centro Vecinal Portal del R\u00edo, H\u00e9ctor Nieto, salud\u00f3 a las mujeres en su d\u00eda y destac\u00f3 que con la intervenci\u00f3n de profesores y alumnos de la Escuela Fernando Fader, concluye el proyecto del Paseo, que se viera interrumpido el a\u00f1o pasado como consecuencia de la pandemia. Se\u00f1al\u00f3 que el Paseo de la Mujer es un lugar de encuentro de vecinos que disfrutan del espacio p\u00fablico.<\/p>\n","protected":false},"excerpt":{"rendered":"<p>Como parte de la conmemoraci\u00f3n por el D\u00eda Internacional de la Mujer, se iniciaron distintos trabajos en [&hellip;]<\/p>\n","protected":false},"author":3,"featured_media":582,"comment_status":"open","ping_status":"open","sticky":false,"template":"","format":"standard","meta":{"spay_email":"","footnotes":"","jetpack_publicize_message":""},"categories":[10],"tags":[],"class_list":["post-581","post","type-post","status-publish","format-standard","has-post-thumbnail","hentry","category-bell-ville"],"jetpack_featured_media_url":"http:\/\/enteculturalsantafesino.com.ar\/sudeste\/wp-content\/uploads\/sites\/6\/2022\/03\/275490573_1791465907725445_480171594278607696_n.jpg","jetpack_publicize_connections":[],"_links":{"self":[{"href":"http:\/\/enteculturalsantafesino.com.ar\/sudeste\/wp-json\/wp\/v2\/posts\/581"}],"collection":[{"href":"http:\/\/enteculturalsantafesino.com.ar\/sudeste\/wp-json\/wp\/v2\/posts"}],"about":[{"href":"http:\/\/enteculturalsantafesino.com.ar\/sudeste\/wp-json\/wp\/v2\/types\/post"}],"author":[{"embeddable":true,"href":"http:\/\/enteculturalsantafesino.com.ar\/sudeste\/wp-json\/wp\/v2\/users\/3"}],"replies":[{"embeddable":true,"href":"http:\/\/enteculturalsantafesino.com.ar\/sudeste\/wp-json\/wp\/v2\/comments?post=581"}],"version-history":[{"count":1,"href":"http:\/\/enteculturalsantafesino.com.ar\/sudeste\/wp-json\/wp\/v2\/posts\/581\/revisions"}],"predecessor-version":[{"id":583,"href":"http:\/\/enteculturalsantafesino.com.ar\/sudeste\/wp-json\/wp\/v2\/posts\/581\/revisions\/583"}],"wp:featuredmedia":[{"embeddable":true,"href":"http:\/\/enteculturalsantafesino.com.ar\/sudeste\/wp-json\/wp\/v2\/media\/582"}],"wp:attachment":[{"href":"http:\/\/enteculturalsantafesino.com.ar\/sudeste\/wp-json\/wp\/v2\/media?parent=581"}],"wp:term":[{"taxonomy":"category","embeddable":true,"href":"http:\/\/enteculturalsantafesino.com.ar\/sudeste\/wp-json\/wp\/v2\/categories?post=581"},{"taxonomy":"post_tag","embeddable":true,"href":"http:\/\/enteculturalsantafesino.com.ar\/sudeste\/wp-json\/wp\/v2\/tags?post=581"}],"curies":[{"name":"wp","href":"https:\/\/api.w.org\/{rel}","templated":true}]}}