{"id":790,"date":"2022-11-07T17:39:19","date_gmt":"2022-11-07T20:39:19","guid":{"rendered":"http:\/\/enteculturalsantafesino.com.ar\/sudeste\/?p=790"},"modified":"2022-11-07T17:39:23","modified_gmt":"2022-11-07T20:39:23","slug":"imponente-inauguracion-de-la-muestra-interprovincial-arte-en-pelotas-en-bell-ville","status":"publish","type":"post","link":"http:\/\/enteculturalsantafesino.com.ar\/sudeste\/2022\/11\/07\/imponente-inauguracion-de-la-muestra-interprovincial-arte-en-pelotas-en-bell-ville\/","title":{"rendered":"Imponente inauguraci\u00f3n de la Muestra interprovincial &#8220;Arte en Pelotas&#8221; en Bell Ville"},"content":{"rendered":"\n<p>Con la participaci\u00f3n de los <strong>Entes Culturales Santafesino y Cordob\u00e9s<\/strong>, en el <strong>Consejo Profesional de Ciencias Econ\u00f3micas CPCE <\/strong>de P\u00edo Angulo y General Paz, qued\u00f3 habilitada al p\u00fablico la exposici\u00f3n de m\u00e1s de cien pelotas intervenidas por artistas de las distintas comunidades adheridas a ambas instituciones.<\/p>\n\n\n\n<p>La muestra que ya fue presentada en la <strong>Asociaci\u00f3n del F\u00fatbol Argentino (AFA)<\/strong>, tiene previsto recorrer el a\u00f1o pr\u00f3ximo las localidades que componen ambos entes.<\/p>\n\n\n\n<p>La <strong>encargada de los N\u00facleos Barriales Culturales, Josefina Garrone<\/strong>, destac\u00f3 que la muestra es fruto de la articulaci\u00f3n de dos provincias a fin de potenciar talentos de los artistas locales.<\/p>\n\n\n\n<p>En tanto, la <strong>responsable del Ente Cultural Santafesino, Claudia Giaccone<\/strong>, dijo que \u201caparte del valor deportivo, hoy la pelota de f\u00fatbol se convierte en una obra de arte generadora de mucha creatividad\u201d.<\/p>\n\n\n\n<p>Y agreg\u00f3: \u201cEn Bell Ville, con la Fiesta Nacional de la Pelota de F\u00fatbol, se han congregado muchas localidades con ni\u00f1os, j\u00f3venes y adultos que dejaron muchos mensajes. Hay que destacar la riqueza institucional, cultural y deportiva que tienen nuestras provincias, mostrada en cada bal\u00f3n intervenido art\u00edsticamente\u201d.<\/p>\n\n\n\n<p>A su turno, <strong>Pablo Alel, coordinador del Ente Cultural Cordob\u00e9s<\/strong>, destac\u00f3 que \u201cla muestra es el resultado de un trabajo en conjunto iniciado por ambos Entes a comienzos del presente a\u00f1o. No solamente fue el trabajo de personas, sino de instituciones y escuelas, donde tambi\u00e9n se habl\u00f3 del f\u00fatbol. Ha sido una participaci\u00f3n excelente de los vecinos y localidades que conforman ambos Entes\u201d.<\/p>\n\n\n\n<p>Por otra parte, el <strong>intendente Carlos Briner<\/strong>, se mostr\u00f3 muy agradecido con ambos Entes por tan importante muestra y el esfuerzo puesto para que este acontecimiento cultural se llevara a cabo.<\/p>\n\n\n\n<p>Indic\u00f3 que su equipo de gesti\u00f3n, \u201chizo enormes esfuerzos en el mundo y en m\u00e1s de 600 localidades argentinas para difundir este invento bellvillense a 91 a\u00f1os de creaci\u00f3n, sin que, lamentablemente la AFA, haya difundido dato alguno sobre el particular.<\/p>\n\n\n\n<p>\u201cLa muestra que hoy se inaugura, con la intervenci\u00f3n de ni\u00f1os, j\u00f3venes y adultos, ha dejado plasmado un verso, un deseo, una historia, un sentimiento, un mensaje de paz y confraternidad, que al rodar la pelota mantendr\u00e1 viva la impronta. Aprovechemos cada una de estas oportunidades que nos da la vida, para difundir la cultura\u201d, agreg\u00f3.<\/p>\n\n\n\n<p>Y concluy\u00f3: \u201cLa pelota naci\u00f3 en Bell Ville, pero ya es de todo el mundo\u201d.<\/p>\n\n\n\n<p>Entre los primeros alumnos visitantes de la muestra que se extender\u00e1 hasta el s\u00e1bado 12 de noviembre, estuvieron los que cursan estudios en la Escuela Jos\u00e9 Mar\u00eda Paz.<\/p>\n\n\n\n<figure class=\"wp-block-gallery columns-4 is-cropped wp-block-gallery-1 is-layout-flex wp-block-gallery-is-layout-flex\"><ul class=\"blocks-gallery-grid\"><li class=\"blocks-gallery-item\"><figure><img loading=\"lazy\" decoding=\"async\" width=\"1024\" height=\"682\" src=\"http:\/\/enteculturalsantafesino.com.ar\/sudeste\/wp-content\/uploads\/sites\/6\/2022\/11\/e97105d4-5a3b-4c74-b049-c2eb7a9073b4-1024x682.jpg\" alt=\"\" data-id=\"798\" data-full-url=\"http:\/\/enteculturalsantafesino.com.ar\/sudeste\/wp-content\/uploads\/sites\/6\/2022\/11\/e97105d4-5a3b-4c74-b049-c2eb7a9073b4.jpg\" data-link=\"http:\/\/enteculturalsantafesino.com.ar\/sudeste\/?attachment_id=798\" class=\"wp-image-798\" srcset=\"http:\/\/enteculturalsantafesino.com.ar\/sudeste\/wp-content\/uploads\/sites\/6\/2022\/11\/e97105d4-5a3b-4c74-b049-c2eb7a9073b4-1024x682.jpg 1024w, http:\/\/enteculturalsantafesino.com.ar\/sudeste\/wp-content\/uploads\/sites\/6\/2022\/11\/e97105d4-5a3b-4c74-b049-c2eb7a9073b4-300x200.jpg 300w, http:\/\/enteculturalsantafesino.com.ar\/sudeste\/wp-content\/uploads\/sites\/6\/2022\/11\/e97105d4-5a3b-4c74-b049-c2eb7a9073b4-768x512.jpg 768w, http:\/\/enteculturalsantafesino.com.ar\/sudeste\/wp-content\/uploads\/sites\/6\/2022\/11\/e97105d4-5a3b-4c74-b049-c2eb7a9073b4-589x392.jpg 589w, http:\/\/enteculturalsantafesino.com.ar\/sudeste\/wp-content\/uploads\/sites\/6\/2022\/11\/e97105d4-5a3b-4c74-b049-c2eb7a9073b4.jpg 1280w\" sizes=\"(max-width: 1024px) 100vw, 1024px\" \/><\/figure><\/li><li class=\"blocks-gallery-item\"><figure><img loading=\"lazy\" decoding=\"async\" width=\"1024\" height=\"731\" src=\"http:\/\/enteculturalsantafesino.com.ar\/sudeste\/wp-content\/uploads\/sites\/6\/2022\/11\/88438911-59c7-4b93-8c68-f913f1d812b4-1024x731.jpg\" alt=\"\" data-id=\"796\" data-full-url=\"http:\/\/enteculturalsantafesino.com.ar\/sudeste\/wp-content\/uploads\/sites\/6\/2022\/11\/88438911-59c7-4b93-8c68-f913f1d812b4.jpg\" data-link=\"http:\/\/enteculturalsantafesino.com.ar\/sudeste\/?attachment_id=796\" class=\"wp-image-796\" srcset=\"http:\/\/enteculturalsantafesino.com.ar\/sudeste\/wp-content\/uploads\/sites\/6\/2022\/11\/88438911-59c7-4b93-8c68-f913f1d812b4-1024x731.jpg 1024w, http:\/\/enteculturalsantafesino.com.ar\/sudeste\/wp-content\/uploads\/sites\/6\/2022\/11\/88438911-59c7-4b93-8c68-f913f1d812b4-300x214.jpg 300w, http:\/\/enteculturalsantafesino.com.ar\/sudeste\/wp-content\/uploads\/sites\/6\/2022\/11\/88438911-59c7-4b93-8c68-f913f1d812b4-768x548.jpg 768w, http:\/\/enteculturalsantafesino.com.ar\/sudeste\/wp-content\/uploads\/sites\/6\/2022\/11\/88438911-59c7-4b93-8c68-f913f1d812b4-307x219.jpg 307w, http:\/\/enteculturalsantafesino.com.ar\/sudeste\/wp-content\/uploads\/sites\/6\/2022\/11\/88438911-59c7-4b93-8c68-f913f1d812b4.jpg 1280w\" sizes=\"(max-width: 1024px) 100vw, 1024px\" \/><\/figure><\/li><li class=\"blocks-gallery-item\"><figure><img loading=\"lazy\" decoding=\"async\" width=\"1024\" height=\"731\" src=\"http:\/\/enteculturalsantafesino.com.ar\/sudeste\/wp-content\/uploads\/sites\/6\/2022\/11\/99286a3f-430f-421d-9bae-2d515ed78655-1024x731.jpg\" alt=\"\" data-id=\"795\" data-full-url=\"http:\/\/enteculturalsantafesino.com.ar\/sudeste\/wp-content\/uploads\/sites\/6\/2022\/11\/99286a3f-430f-421d-9bae-2d515ed78655.jpg\" data-link=\"http:\/\/enteculturalsantafesino.com.ar\/sudeste\/?attachment_id=795\" class=\"wp-image-795\" srcset=\"http:\/\/enteculturalsantafesino.com.ar\/sudeste\/wp-content\/uploads\/sites\/6\/2022\/11\/99286a3f-430f-421d-9bae-2d515ed78655-1024x731.jpg 1024w, http:\/\/enteculturalsantafesino.com.ar\/sudeste\/wp-content\/uploads\/sites\/6\/2022\/11\/99286a3f-430f-421d-9bae-2d515ed78655-300x214.jpg 300w, http:\/\/enteculturalsantafesino.com.ar\/sudeste\/wp-content\/uploads\/sites\/6\/2022\/11\/99286a3f-430f-421d-9bae-2d515ed78655-768x548.jpg 768w, http:\/\/enteculturalsantafesino.com.ar\/sudeste\/wp-content\/uploads\/sites\/6\/2022\/11\/99286a3f-430f-421d-9bae-2d515ed78655-307x219.jpg 307w, http:\/\/enteculturalsantafesino.com.ar\/sudeste\/wp-content\/uploads\/sites\/6\/2022\/11\/99286a3f-430f-421d-9bae-2d515ed78655.jpg 1280w\" sizes=\"(max-width: 1024px) 100vw, 1024px\" \/><\/figure><\/li><li class=\"blocks-gallery-item\"><figure><img loading=\"lazy\" decoding=\"async\" width=\"1024\" height=\"682\" src=\"http:\/\/enteculturalsantafesino.com.ar\/sudeste\/wp-content\/uploads\/sites\/6\/2022\/11\/14356de4-fb1d-405a-8052-9e0335acaf86-1024x682.jpg\" alt=\"\" data-id=\"794\" data-full-url=\"http:\/\/enteculturalsantafesino.com.ar\/sudeste\/wp-content\/uploads\/sites\/6\/2022\/11\/14356de4-fb1d-405a-8052-9e0335acaf86.jpg\" data-link=\"http:\/\/enteculturalsantafesino.com.ar\/sudeste\/?attachment_id=794\" class=\"wp-image-794\" srcset=\"http:\/\/enteculturalsantafesino.com.ar\/sudeste\/wp-content\/uploads\/sites\/6\/2022\/11\/14356de4-fb1d-405a-8052-9e0335acaf86-1024x682.jpg 1024w, http:\/\/enteculturalsantafesino.com.ar\/sudeste\/wp-content\/uploads\/sites\/6\/2022\/11\/14356de4-fb1d-405a-8052-9e0335acaf86-300x200.jpg 300w, http:\/\/enteculturalsantafesino.com.ar\/sudeste\/wp-content\/uploads\/sites\/6\/2022\/11\/14356de4-fb1d-405a-8052-9e0335acaf86-768x512.jpg 768w, http:\/\/enteculturalsantafesino.com.ar\/sudeste\/wp-content\/uploads\/sites\/6\/2022\/11\/14356de4-fb1d-405a-8052-9e0335acaf86-589x392.jpg 589w, http:\/\/enteculturalsantafesino.com.ar\/sudeste\/wp-content\/uploads\/sites\/6\/2022\/11\/14356de4-fb1d-405a-8052-9e0335acaf86.jpg 1280w\" sizes=\"(max-width: 1024px) 100vw, 1024px\" \/><\/figure><\/li><li class=\"blocks-gallery-item\"><figure><img loading=\"lazy\" decoding=\"async\" width=\"1024\" height=\"731\" src=\"http:\/\/enteculturalsantafesino.com.ar\/sudeste\/wp-content\/uploads\/sites\/6\/2022\/11\/29e3eb7a-c7b9-424b-8e83-2bd4d5f44207-1024x731.jpg\" alt=\"\" data-id=\"793\" data-full-url=\"http:\/\/enteculturalsantafesino.com.ar\/sudeste\/wp-content\/uploads\/sites\/6\/2022\/11\/29e3eb7a-c7b9-424b-8e83-2bd4d5f44207.jpg\" data-link=\"http:\/\/enteculturalsantafesino.com.ar\/sudeste\/?attachment_id=793\" class=\"wp-image-793\" srcset=\"http:\/\/enteculturalsantafesino.com.ar\/sudeste\/wp-content\/uploads\/sites\/6\/2022\/11\/29e3eb7a-c7b9-424b-8e83-2bd4d5f44207-1024x731.jpg 1024w, http:\/\/enteculturalsantafesino.com.ar\/sudeste\/wp-content\/uploads\/sites\/6\/2022\/11\/29e3eb7a-c7b9-424b-8e83-2bd4d5f44207-300x214.jpg 300w, http:\/\/enteculturalsantafesino.com.ar\/sudeste\/wp-content\/uploads\/sites\/6\/2022\/11\/29e3eb7a-c7b9-424b-8e83-2bd4d5f44207-768x548.jpg 768w, http:\/\/enteculturalsantafesino.com.ar\/sudeste\/wp-content\/uploads\/sites\/6\/2022\/11\/29e3eb7a-c7b9-424b-8e83-2bd4d5f44207-307x219.jpg 307w, http:\/\/enteculturalsantafesino.com.ar\/sudeste\/wp-content\/uploads\/sites\/6\/2022\/11\/29e3eb7a-c7b9-424b-8e83-2bd4d5f44207.jpg 1280w\" sizes=\"(max-width: 1024px) 100vw, 1024px\" \/><\/figure><\/li><li class=\"blocks-gallery-item\"><figure><img loading=\"lazy\" decoding=\"async\" width=\"1024\" height=\"731\" src=\"http:\/\/enteculturalsantafesino.com.ar\/sudeste\/wp-content\/uploads\/sites\/6\/2022\/11\/02a9cd43-bdcf-445c-ac25-7df1fc84fa97-1024x731.jpg\" alt=\"\" data-id=\"792\" data-full-url=\"http:\/\/enteculturalsantafesino.com.ar\/sudeste\/wp-content\/uploads\/sites\/6\/2022\/11\/02a9cd43-bdcf-445c-ac25-7df1fc84fa97.jpg\" data-link=\"http:\/\/enteculturalsantafesino.com.ar\/sudeste\/?attachment_id=792\" class=\"wp-image-792\" srcset=\"http:\/\/enteculturalsantafesino.com.ar\/sudeste\/wp-content\/uploads\/sites\/6\/2022\/11\/02a9cd43-bdcf-445c-ac25-7df1fc84fa97-1024x731.jpg 1024w, http:\/\/enteculturalsantafesino.com.ar\/sudeste\/wp-content\/uploads\/sites\/6\/2022\/11\/02a9cd43-bdcf-445c-ac25-7df1fc84fa97-300x214.jpg 300w, http:\/\/enteculturalsantafesino.com.ar\/sudeste\/wp-content\/uploads\/sites\/6\/2022\/11\/02a9cd43-bdcf-445c-ac25-7df1fc84fa97-768x548.jpg 768w, http:\/\/enteculturalsantafesino.com.ar\/sudeste\/wp-content\/uploads\/sites\/6\/2022\/11\/02a9cd43-bdcf-445c-ac25-7df1fc84fa97-307x219.jpg 307w, http:\/\/enteculturalsantafesino.com.ar\/sudeste\/wp-content\/uploads\/sites\/6\/2022\/11\/02a9cd43-bdcf-445c-ac25-7df1fc84fa97.jpg 1280w\" sizes=\"(max-width: 1024px) 100vw, 1024px\" \/><\/figure><\/li><li class=\"blocks-gallery-item\"><figure><img loading=\"lazy\" decoding=\"async\" width=\"1024\" height=\"731\" src=\"http:\/\/enteculturalsantafesino.com.ar\/sudeste\/wp-content\/uploads\/sites\/6\/2022\/11\/56e74b92-0e4b-4117-ade3-940003254046-1024x731.jpg\" alt=\"\" data-id=\"791\" data-full-url=\"http:\/\/enteculturalsantafesino.com.ar\/sudeste\/wp-content\/uploads\/sites\/6\/2022\/11\/56e74b92-0e4b-4117-ade3-940003254046.jpg\" data-link=\"http:\/\/enteculturalsantafesino.com.ar\/sudeste\/?attachment_id=791\" class=\"wp-image-791\" srcset=\"http:\/\/enteculturalsantafesino.com.ar\/sudeste\/wp-content\/uploads\/sites\/6\/2022\/11\/56e74b92-0e4b-4117-ade3-940003254046-1024x731.jpg 1024w, http:\/\/enteculturalsantafesino.com.ar\/sudeste\/wp-content\/uploads\/sites\/6\/2022\/11\/56e74b92-0e4b-4117-ade3-940003254046-300x214.jpg 300w, http:\/\/enteculturalsantafesino.com.ar\/sudeste\/wp-content\/uploads\/sites\/6\/2022\/11\/56e74b92-0e4b-4117-ade3-940003254046-768x548.jpg 768w, http:\/\/enteculturalsantafesino.com.ar\/sudeste\/wp-content\/uploads\/sites\/6\/2022\/11\/56e74b92-0e4b-4117-ade3-940003254046-307x219.jpg 307w, http:\/\/enteculturalsantafesino.com.ar\/sudeste\/wp-content\/uploads\/sites\/6\/2022\/11\/56e74b92-0e4b-4117-ade3-940003254046.jpg 1280w\" sizes=\"(max-width: 1024px) 100vw, 1024px\" \/><\/figure><\/li><li class=\"blocks-gallery-item\"><figure><img loading=\"lazy\" decoding=\"async\" width=\"1024\" height=\"731\" src=\"http:\/\/enteculturalsantafesino.com.ar\/sudeste\/wp-content\/uploads\/sites\/6\/2022\/11\/dea3b08f-d9a7-4e45-a722-0df10cb7bc1f-1024x731.jpg\" alt=\"\" data-id=\"797\" data-full-url=\"http:\/\/enteculturalsantafesino.com.ar\/sudeste\/wp-content\/uploads\/sites\/6\/2022\/11\/dea3b08f-d9a7-4e45-a722-0df10cb7bc1f.jpg\" data-link=\"http:\/\/enteculturalsantafesino.com.ar\/sudeste\/?attachment_id=797\" class=\"wp-image-797\" srcset=\"http:\/\/enteculturalsantafesino.com.ar\/sudeste\/wp-content\/uploads\/sites\/6\/2022\/11\/dea3b08f-d9a7-4e45-a722-0df10cb7bc1f-1024x731.jpg 1024w, http:\/\/enteculturalsantafesino.com.ar\/sudeste\/wp-content\/uploads\/sites\/6\/2022\/11\/dea3b08f-d9a7-4e45-a722-0df10cb7bc1f-300x214.jpg 300w, http:\/\/enteculturalsantafesino.com.ar\/sudeste\/wp-content\/uploads\/sites\/6\/2022\/11\/dea3b08f-d9a7-4e45-a722-0df10cb7bc1f-768x548.jpg 768w, http:\/\/enteculturalsantafesino.com.ar\/sudeste\/wp-content\/uploads\/sites\/6\/2022\/11\/dea3b08f-d9a7-4e45-a722-0df10cb7bc1f-307x219.jpg 307w, http:\/\/enteculturalsantafesino.com.ar\/sudeste\/wp-content\/uploads\/sites\/6\/2022\/11\/dea3b08f-d9a7-4e45-a722-0df10cb7bc1f.jpg 1280w\" sizes=\"(max-width: 1024px) 100vw, 1024px\" \/><\/figure><\/li><\/ul><figcaption class=\"blocks-gallery-caption\">4<\/figcaption><\/figure>\n","protected":false},"excerpt":{"rendered":"<p>Con la participaci\u00f3n de los Entes Culturales Santafesino y Cordob\u00e9s, en el Consejo Profesional de Ciencias Econ\u00f3micas [&hellip;]<\/p>\n","protected":false},"author":3,"featured_media":791,"comment_status":"open","ping_status":"open","sticky":false,"template":"","format":"standard","meta":{"spay_email":"","footnotes":"","jetpack_publicize_message":""},"categories":[10,6],"tags":[],"class_list":["post-790","post","type-post","status-publish","format-standard","has-post-thumbnail","hentry","category-bell-ville","category-ecsc"],"jetpack_featured_media_url":"http:\/\/enteculturalsantafesino.com.ar\/sudeste\/wp-content\/uploads\/sites\/6\/2022\/11\/56e74b92-0e4b-4117-ade3-940003254046.jpg","jetpack_publicize_connections":[],"_links":{"self":[{"href":"http:\/\/enteculturalsantafesino.com.ar\/sudeste\/wp-json\/wp\/v2\/posts\/790"}],"collection":[{"href":"http:\/\/enteculturalsantafesino.com.ar\/sudeste\/wp-json\/wp\/v2\/posts"}],"about":[{"href":"http:\/\/enteculturalsantafesino.com.ar\/sudeste\/wp-json\/wp\/v2\/types\/post"}],"author":[{"embeddable":true,"href":"http:\/\/enteculturalsantafesino.com.ar\/sudeste\/wp-json\/wp\/v2\/users\/3"}],"replies":[{"embeddable":true,"href":"http:\/\/enteculturalsantafesino.com.ar\/sudeste\/wp-json\/wp\/v2\/comments?post=790"}],"version-history":[{"count":1,"href":"http:\/\/enteculturalsantafesino.com.ar\/sudeste\/wp-json\/wp\/v2\/posts\/790\/revisions"}],"predecessor-version":[{"id":799,"href":"http:\/\/enteculturalsantafesino.com.ar\/sudeste\/wp-json\/wp\/v2\/posts\/790\/revisions\/799"}],"wp:featuredmedia":[{"embeddable":true,"href":"http:\/\/enteculturalsantafesino.com.ar\/sudeste\/wp-json\/wp\/v2\/media\/791"}],"wp:attachment":[{"href":"http:\/\/enteculturalsantafesino.com.ar\/sudeste\/wp-json\/wp\/v2\/media?parent=790"}],"wp:term":[{"taxonomy":"category","embeddable":true,"href":"http:\/\/enteculturalsantafesino.com.ar\/sudeste\/wp-json\/wp\/v2\/categories?post=790"},{"taxonomy":"post_tag","embeddable":true,"href":"http:\/\/enteculturalsantafesino.com.ar\/sudeste\/wp-json\/wp\/v2\/tags?post=790"}],"curies":[{"name":"wp","href":"https:\/\/api.w.org\/{rel}","templated":true}]}}