{"id":829,"date":"2022-12-04T20:08:55","date_gmt":"2022-12-04T23:08:55","guid":{"rendered":"http:\/\/enteculturalsantafesino.com.ar\/sudeste\/?p=829"},"modified":"2022-12-04T20:13:49","modified_gmt":"2022-12-04T23:13:49","slug":"el-ministro-de-cultura-de-la-nacion-tristan-bauer-recorrio-la-muestra-arte-en-pelotas","status":"publish","type":"post","link":"http:\/\/enteculturalsantafesino.com.ar\/sudeste\/2022\/12\/04\/el-ministro-de-cultura-de-la-nacion-tristan-bauer-recorrio-la-muestra-arte-en-pelotas\/","title":{"rendered":"El Ministro de Cultura de la Naci\u00f3n Trist\u00e1n Bauer, recorri\u00f3 la Muestra &#8220;Arte en Pelotas&#8221;"},"content":{"rendered":"\n<p>Durante la tarde del\u00a0<strong>jueves 1\u00a0<\/strong>en la <strong>Sala de Cultura de General Roca<\/strong>; el <strong>Ministro de Cultura de la Naci\u00f3n Trist\u00e1n Bauer<\/strong>; recorri\u00f3 junto a <strong>Dorina Dignani, responsable de la Secretaria de Cultura de General Roca<\/strong> y el <strong>Coordinador del Ente Cultural Cordob\u00e9s Prof. Pablo Alel<\/strong>, recorrieron la <strong>Muestra itinerante &#8220;Arte en Pelotas&#8221;\u00a0<\/strong><\/p>\n\n\n\n<p>Dicho programa fue generado desde los&nbsp;<strong>Entes Culturales Santafesino y Cordob\u00e9s,&nbsp;<\/strong>la cual expone un centenar de obras de arte sobre balones de futbol, originados desde comunidades santafesinas y del sudeste cordob\u00e9s.<\/p>\n\n\n\n<p>La muestra que ya fue presentada en la&nbsp;<strong>Asociaci\u00f3n del F\u00fatbol Argentino (AFA)<\/strong>&nbsp;y en la XIX Fiesta Nacional de Pelota (Bell Ville), inici\u00f3 su recorrido desde las localidades adheridas al Ente Cultural Cordob\u00e9s para llegar durante el mes de enero a la provincia de de Santa Fe.<\/p>\n\n\n\n<p>El programa&nbsp;<strong>\u00abArte en Pelotas\u00bb<\/strong>&nbsp;consiste en la intervenci\u00f3n art\u00edstica sobre pelotas de f\u00fatbol, las cuales son pintadas en forma colectiva o individual. En dicha producci\u00f3n se refleja la idiosincrasia, el paisaje, la historia y el esp\u00edritu deportivo de cada comunidad participante.<\/p>\n\n\n\n<p><strong>Pablo Alel, coordinador del Ente Cultural Cordob\u00e9s<\/strong>&nbsp;y&nbsp;<strong>Secretario de Cultura de Noetinger<\/strong>, destac\u00f3 que \u201cla muestra es el resultado de un trabajo en conjunto iniciado por ambos Entes a comienzos del presente a\u00f1o. No solamente fue el trabajo de personas, sino de instituciones y escuelas, donde tambi\u00e9n se habl\u00f3 del f\u00fatbol. Ha sido una participaci\u00f3n excelente de los vecinos y localidades que conforman ambos Entes\u201d.<\/p>\n\n\n\n<figure class=\"wp-block-gallery columns-3 is-cropped wp-block-gallery-1 is-layout-flex wp-block-gallery-is-layout-flex\"><ul class=\"blocks-gallery-grid\"><li class=\"blocks-gallery-item\"><figure><img loading=\"lazy\" decoding=\"async\" width=\"1024\" height=\"677\" src=\"http:\/\/enteculturalsantafesino.com.ar\/sudeste\/wp-content\/uploads\/sites\/6\/2022\/12\/53cef601-e4b8-4aa9-b54e-bd8adbd29eac-1024x677.jpg\" alt=\"\" data-id=\"832\" data-full-url=\"http:\/\/enteculturalsantafesino.com.ar\/sudeste\/wp-content\/uploads\/sites\/6\/2022\/12\/53cef601-e4b8-4aa9-b54e-bd8adbd29eac.jpg\" data-link=\"http:\/\/enteculturalsantafesino.com.ar\/sudeste\/?attachment_id=832\" class=\"wp-image-832\" srcset=\"http:\/\/enteculturalsantafesino.com.ar\/sudeste\/wp-content\/uploads\/sites\/6\/2022\/12\/53cef601-e4b8-4aa9-b54e-bd8adbd29eac-1024x677.jpg 1024w, http:\/\/enteculturalsantafesino.com.ar\/sudeste\/wp-content\/uploads\/sites\/6\/2022\/12\/53cef601-e4b8-4aa9-b54e-bd8adbd29eac-300x198.jpg 300w, http:\/\/enteculturalsantafesino.com.ar\/sudeste\/wp-content\/uploads\/sites\/6\/2022\/12\/53cef601-e4b8-4aa9-b54e-bd8adbd29eac-768x508.jpg 768w, http:\/\/enteculturalsantafesino.com.ar\/sudeste\/wp-content\/uploads\/sites\/6\/2022\/12\/53cef601-e4b8-4aa9-b54e-bd8adbd29eac.jpg 1080w\" sizes=\"(max-width: 1024px) 100vw, 1024px\" \/><\/figure><\/li><li class=\"blocks-gallery-item\"><figure><img loading=\"lazy\" decoding=\"async\" width=\"814\" height=\"1024\" src=\"http:\/\/enteculturalsantafesino.com.ar\/sudeste\/wp-content\/uploads\/sites\/6\/2022\/12\/b7dc9572-f76c-4a75-a5e7-fe3f59bbe076-814x1024.jpg\" alt=\"\" data-id=\"831\" data-full-url=\"http:\/\/enteculturalsantafesino.com.ar\/sudeste\/wp-content\/uploads\/sites\/6\/2022\/12\/b7dc9572-f76c-4a75-a5e7-fe3f59bbe076.jpg\" data-link=\"http:\/\/enteculturalsantafesino.com.ar\/sudeste\/?attachment_id=831\" class=\"wp-image-831\" srcset=\"http:\/\/enteculturalsantafesino.com.ar\/sudeste\/wp-content\/uploads\/sites\/6\/2022\/12\/b7dc9572-f76c-4a75-a5e7-fe3f59bbe076-814x1024.jpg 814w, http:\/\/enteculturalsantafesino.com.ar\/sudeste\/wp-content\/uploads\/sites\/6\/2022\/12\/b7dc9572-f76c-4a75-a5e7-fe3f59bbe076-239x300.jpg 239w, http:\/\/enteculturalsantafesino.com.ar\/sudeste\/wp-content\/uploads\/sites\/6\/2022\/12\/b7dc9572-f76c-4a75-a5e7-fe3f59bbe076-768x966.jpg 768w, http:\/\/enteculturalsantafesino.com.ar\/sudeste\/wp-content\/uploads\/sites\/6\/2022\/12\/b7dc9572-f76c-4a75-a5e7-fe3f59bbe076.jpg 1018w\" sizes=\"(max-width: 814px) 100vw, 814px\" \/><\/figure><\/li><li class=\"blocks-gallery-item\"><figure><img loading=\"lazy\" decoding=\"async\" width=\"770\" height=\"1024\" src=\"http:\/\/enteculturalsantafesino.com.ar\/sudeste\/wp-content\/uploads\/sites\/6\/2022\/12\/1d27995d-9b97-4258-a926-0bd87f4a34fa-770x1024.jpg\" alt=\"\" data-id=\"830\" data-full-url=\"http:\/\/enteculturalsantafesino.com.ar\/sudeste\/wp-content\/uploads\/sites\/6\/2022\/12\/1d27995d-9b97-4258-a926-0bd87f4a34fa.jpg\" data-link=\"http:\/\/enteculturalsantafesino.com.ar\/sudeste\/?attachment_id=830\" class=\"wp-image-830\" srcset=\"http:\/\/enteculturalsantafesino.com.ar\/sudeste\/wp-content\/uploads\/sites\/6\/2022\/12\/1d27995d-9b97-4258-a926-0bd87f4a34fa-770x1024.jpg 770w, http:\/\/enteculturalsantafesino.com.ar\/sudeste\/wp-content\/uploads\/sites\/6\/2022\/12\/1d27995d-9b97-4258-a926-0bd87f4a34fa-225x300.jpg 225w, http:\/\/enteculturalsantafesino.com.ar\/sudeste\/wp-content\/uploads\/sites\/6\/2022\/12\/1d27995d-9b97-4258-a926-0bd87f4a34fa-768x1022.jpg 768w, http:\/\/enteculturalsantafesino.com.ar\/sudeste\/wp-content\/uploads\/sites\/6\/2022\/12\/1d27995d-9b97-4258-a926-0bd87f4a34fa.jpg 962w\" sizes=\"(max-width: 770px) 100vw, 770px\" \/><\/figure><\/li><\/ul><\/figure>\n","protected":false},"excerpt":{"rendered":"<p>Durante la tarde del\u00a0jueves 1\u00a0en la Sala de Cultura de General Roca; el Ministro de Cultura de [&hellip;]<\/p>\n","protected":false},"author":3,"featured_media":832,"comment_status":"open","ping_status":"open","sticky":false,"template":"","format":"standard","meta":{"spay_email":"","footnotes":"","jetpack_publicize_message":""},"categories":[6,3],"tags":[],"class_list":["post-829","post","type-post","status-publish","format-standard","has-post-thumbnail","hentry","category-ecsc","category-general-roca"],"jetpack_featured_media_url":"http:\/\/enteculturalsantafesino.com.ar\/sudeste\/wp-content\/uploads\/sites\/6\/2022\/12\/53cef601-e4b8-4aa9-b54e-bd8adbd29eac.jpg","jetpack_publicize_connections":[],"_links":{"self":[{"href":"http:\/\/enteculturalsantafesino.com.ar\/sudeste\/wp-json\/wp\/v2\/posts\/829"}],"collection":[{"href":"http:\/\/enteculturalsantafesino.com.ar\/sudeste\/wp-json\/wp\/v2\/posts"}],"about":[{"href":"http:\/\/enteculturalsantafesino.com.ar\/sudeste\/wp-json\/wp\/v2\/types\/post"}],"author":[{"embeddable":true,"href":"http:\/\/enteculturalsantafesino.com.ar\/sudeste\/wp-json\/wp\/v2\/users\/3"}],"replies":[{"embeddable":true,"href":"http:\/\/enteculturalsantafesino.com.ar\/sudeste\/wp-json\/wp\/v2\/comments?post=829"}],"version-history":[{"count":3,"href":"http:\/\/enteculturalsantafesino.com.ar\/sudeste\/wp-json\/wp\/v2\/posts\/829\/revisions"}],"predecessor-version":[{"id":836,"href":"http:\/\/enteculturalsantafesino.com.ar\/sudeste\/wp-json\/wp\/v2\/posts\/829\/revisions\/836"}],"wp:featuredmedia":[{"embeddable":true,"href":"http:\/\/enteculturalsantafesino.com.ar\/sudeste\/wp-json\/wp\/v2\/media\/832"}],"wp:attachment":[{"href":"http:\/\/enteculturalsantafesino.com.ar\/sudeste\/wp-json\/wp\/v2\/media?parent=829"}],"wp:term":[{"taxonomy":"category","embeddable":true,"href":"http:\/\/enteculturalsantafesino.com.ar\/sudeste\/wp-json\/wp\/v2\/categories?post=829"},{"taxonomy":"post_tag","embeddable":true,"href":"http:\/\/enteculturalsantafesino.com.ar\/sudeste\/wp-json\/wp\/v2\/tags?post=829"}],"curies":[{"name":"wp","href":"https:\/\/api.w.org\/{rel}","templated":true}]}}