{"id":837,"date":"2022-12-07T12:15:57","date_gmt":"2022-12-07T15:15:57","guid":{"rendered":"http:\/\/enteculturalsantafesino.com.ar\/sudeste\/?p=837"},"modified":"2022-12-07T12:33:54","modified_gmt":"2022-12-07T15:33:54","slug":"el-premio-vientos-del-sudeste-fue-para-el-artista-carlos-lopez-alvarez","status":"publish","type":"post","link":"http:\/\/enteculturalsantafesino.com.ar\/sudeste\/2022\/12\/07\/el-premio-vientos-del-sudeste-fue-para-el-artista-carlos-lopez-alvarez\/","title":{"rendered":"El premio &#8220;Vientos del Sudeste&#8221; fue para el artista Carlos L\u00f3pez \u00c1lvarez"},"content":{"rendered":"\n<p>Durante la noche del\u00a0<strong>martes 6 de  diciembre\u00a0<\/strong>en la ciudad\u00a0<strong>Noetinger,<\/strong>\u00a0en el marco de\u00a0<strong>\u00abLa Fiesta de los Pueblos\u00bb<\/strong>\u00a0se hizo entrega por primera vez del premio <strong>&#8220;Vientos del Sudeste&#8221;<\/strong>, con el objetivo de reconocer al artista destacado del sudeste cordob\u00e9s mediante la imagen de un molino de viento; elaborado por el artista peruano<strong> Danny Manuel Yllu ferreyra<\/strong>, radicado desde ha quince a\u00f1os en la ciudad de <strong>Cruz Alta.<\/strong><\/p>\n\n\n\n<p>Este a\u00f1o, el <strong>Ente Cultural del Sudeste Cordob\u00e9s<\/strong> decidi\u00f3 emular a su par santafesino y en las reuniones de gestores culturales surgi\u00f3 la idea de reconocer al artista destacado del sudeste con el premio \u201c<strong>Vientos del Sudeste\u201d<\/strong><\/p>\n\n\n\n<p>De la distinci\u00f3n form\u00f3 parte\u00a0el <strong>intendente Marcelo Bjorklund, Claudia Giaccone- responsable del Ente Cultural Santafesino, Pablo Alel &#8211; Coordinador del Ente Cultural Cordob\u00e9s <\/strong>y los distintos referentes y autoridades de las localidades adheridas a dicho espacio cultural. <\/p>\n\n\n\n<p>Los nominados de este a\u00f1o fueron: <strong><em>Carlos L\u00f3pez \u00c1lvarez (Bell Ville), Ramiro Lezcano (San Marcos Sud), Richard Nant (Camilo Aldao), Angela Lucia (Cintra), Mariano Loi\u00e1cono (Cruz Alta), Mar\u00eda Isabel Clausen (General Roca), Guillermo Pfening (Marcos Ju\u00e1rez), Jorge Luis Picchio (Monte Buey) y Horacio Bevilacqua (Noetinger)<\/em>.<\/strong><\/p>\n\n\n\n<p>El ganador de la primera edici\u00f3n de<strong> &#8220;Vientos del Sudeste<\/strong>&#8221; fue para el artista bellvillense: <strong>Carlos L\u00f3pez \u00c1lvarez<\/strong>.<br><\/p>\n\n\n\n<p><strong><em>Carlos L\u00f3pez \u00c1lvarez<\/em><\/strong>:<em> Naci\u00f3 en Bell Ville, C\u00f3rdoba. FORMACION: Escuela Provincial de Bellas Artes Fernando Fader, Bell Ville. Desarrollo su actividad art\u00edstica desde 1969 Exposiciones y Premios 1974-75-76 \/ Centro Cultural, Chilecito, La Rioja. 1984 \/ Exposici\u00f3n Galer\u00eda de Arte Valen, C\u00f3rdoba. 1985 \/ C\u00e1mara Juniors, Bell Ville. 1986 \/ Centros Culturales de Curitiva, San Pablo, Brasil. 1986 \/ Rio de Janeiro, Brasil. 1987 \/ Galeria de arte Rembrant Bs. As. 1988 \/ Exposici\u00f3n en el Centro Cultural de Alta C\u00f3rdoba, C\u00f3rdoba. Carlos L\u00f3pez \u00c1lvarez Artista Pl\u00e1stico 1989 \/ Canal 11, Bs. As. 1992 \/ Premio al m\u00e9rito otorgado por la Escuela de Bellas Artes Fernando Fader, Bell Ville. 1993\/ Municipalidad de Vi\u00f1a del Mar, Chile. 1995-2001 \/ Exposiciones en los departamentos Uni\u00f3n, Marcos Ju\u00e1rez y San Mart\u00edn. 1996-97 \/ Galer\u00eda de Arte ATC, Par\u00eds. 1996 \/ Plaza La Bastilla, Par\u00eds. 1997 \/ Facultad de Farmacia y Bioqu\u00edmica de la UBA Bs. As. 2008 \/ Centro Universitario de Idiomas, Buenos Aires. 2008 \/ Primer menci\u00f3n Centro Universitario de Idiomas &#8211; Buenos Aires. 2008 \/ Incluido en Gu\u00eda de Museos. 2009 \/ Exposici\u00f3n en la Alianza Francesa de C\u00f3rdoba. 2009 \/ Embajada de Argentina en Santa Lucia (Centro de Am\u00e9rica). 2010 \/ Tributo al compromiso Canal 2, Bell Ville. 2011 \/ Biblioteca de Curic\u00f3, Chile. 2011 \/ Feria de Manhattan, EE. UU. 2013 \/ Exposici\u00f3n &#8220;Utop\u00eda Sideral&#8221; en Museo de Bellas Artes Bonfiglioni, Villa Mar\u00eda. 2014 \/ Tercer Premio Juegos Evita Radio Nacional de C\u00f3rdoba, C\u00f3rdoba. 2016 \/ Primer premio y segunda menci\u00f3n en la categor\u00eda dibujo en la Primera Bienal de San Nicol\u00e1s de los Arroyos, Bs. As. 2016 \/ Exposici\u00f3n y premio al m\u00e9rito por la trayectoria y t\u00e9cnica art\u00edstica en la Segunda Bienal Salerno, Italia. 2017 \/ Museo Regional de Guadalajara, M\u00e9xico. 2017 \/ Casa Musa Centro Cultural Caf\u00e9 Galer\u00eda Restorant, Guadalajara, M\u00e9xico. <br>2017 \/ Exposici\u00f3n en Asociaci\u00f3n Argentina de Cultura Brit\u00e1nica, C\u00f3rdoba. 2019 \/ Exposici\u00f3n en &#8220;Arte en The Rozz&#8221;, Buenos Aires. 2021 \/ Premio Santa Luc\u00eda en la Pe\u00f1a del Chu\u00f1a, Salta. 2022 \/ Exposici\u00f3n art\u00edstica intercultural<br>embajador del El Bicentenario de America en Pucallpa (Per\u00fa) y Brasilia, (Brasil). 2022 \/ Exposici\u00f3n interprovincial C\u00f3rdoba y Santa F\u00e9. 2022\/ Premio C\u00f3ndor Mendocino, Mendoza. 2022\/ Muestra Virtual Paleta de Paz. 2022\/ 10.\u00aa Feria de Arte Contempor\u00e1neo &#8211; MAC, C\u00f3rdoba.<\/em><\/p>\n\n\n\n<figure class=\"wp-block-gallery columns-4 is-cropped wp-block-gallery-1 is-layout-flex wp-block-gallery-is-layout-flex\"><ul class=\"blocks-gallery-grid\"><li class=\"blocks-gallery-item\"><figure><img loading=\"lazy\" decoding=\"async\" width=\"1024\" height=\"978\" src=\"http:\/\/enteculturalsantafesino.com.ar\/sudeste\/wp-content\/uploads\/sites\/6\/2022\/12\/8962fc50-daa1-4506-9fd5-eb2a31383813-1024x978.jpg\" alt=\"\" data-id=\"839\" data-full-url=\"http:\/\/enteculturalsantafesino.com.ar\/sudeste\/wp-content\/uploads\/sites\/6\/2022\/12\/8962fc50-daa1-4506-9fd5-eb2a31383813.jpg\" data-link=\"http:\/\/enteculturalsantafesino.com.ar\/sudeste\/?attachment_id=839\" class=\"wp-image-839\" srcset=\"http:\/\/enteculturalsantafesino.com.ar\/sudeste\/wp-content\/uploads\/sites\/6\/2022\/12\/8962fc50-daa1-4506-9fd5-eb2a31383813-1024x978.jpg 1024w, http:\/\/enteculturalsantafesino.com.ar\/sudeste\/wp-content\/uploads\/sites\/6\/2022\/12\/8962fc50-daa1-4506-9fd5-eb2a31383813-300x286.jpg 300w, http:\/\/enteculturalsantafesino.com.ar\/sudeste\/wp-content\/uploads\/sites\/6\/2022\/12\/8962fc50-daa1-4506-9fd5-eb2a31383813-768x733.jpg 768w, http:\/\/enteculturalsantafesino.com.ar\/sudeste\/wp-content\/uploads\/sites\/6\/2022\/12\/8962fc50-daa1-4506-9fd5-eb2a31383813.jpg 1367w\" sizes=\"(max-width: 1024px) 100vw, 1024px\" \/><\/figure><\/li><li class=\"blocks-gallery-item\"><figure><img loading=\"lazy\" decoding=\"async\" width=\"1024\" height=\"746\" src=\"http:\/\/enteculturalsantafesino.com.ar\/sudeste\/wp-content\/uploads\/sites\/6\/2022\/12\/55943b0b-dceb-4b29-8912-0ad9dfcf3a32-1024x746.jpg\" alt=\"\" data-id=\"840\" data-full-url=\"http:\/\/enteculturalsantafesino.com.ar\/sudeste\/wp-content\/uploads\/sites\/6\/2022\/12\/55943b0b-dceb-4b29-8912-0ad9dfcf3a32.jpg\" data-link=\"http:\/\/enteculturalsantafesino.com.ar\/sudeste\/?attachment_id=840\" class=\"wp-image-840\" srcset=\"http:\/\/enteculturalsantafesino.com.ar\/sudeste\/wp-content\/uploads\/sites\/6\/2022\/12\/55943b0b-dceb-4b29-8912-0ad9dfcf3a32-1024x746.jpg 1024w, http:\/\/enteculturalsantafesino.com.ar\/sudeste\/wp-content\/uploads\/sites\/6\/2022\/12\/55943b0b-dceb-4b29-8912-0ad9dfcf3a32-300x218.jpg 300w, http:\/\/enteculturalsantafesino.com.ar\/sudeste\/wp-content\/uploads\/sites\/6\/2022\/12\/55943b0b-dceb-4b29-8912-0ad9dfcf3a32-768x559.jpg 768w, http:\/\/enteculturalsantafesino.com.ar\/sudeste\/wp-content\/uploads\/sites\/6\/2022\/12\/55943b0b-dceb-4b29-8912-0ad9dfcf3a32-234x169.jpg 234w, http:\/\/enteculturalsantafesino.com.ar\/sudeste\/wp-content\/uploads\/sites\/6\/2022\/12\/55943b0b-dceb-4b29-8912-0ad9dfcf3a32.jpg 1280w\" sizes=\"(max-width: 1024px) 100vw, 1024px\" \/><\/figure><\/li><li class=\"blocks-gallery-item\"><figure><img loading=\"lazy\" decoding=\"async\" width=\"960\" height=\"899\" src=\"http:\/\/enteculturalsantafesino.com.ar\/sudeste\/wp-content\/uploads\/sites\/6\/2022\/12\/b283d937-7e39-41da-ad80-3f7c45cf8dfc.jpg\" alt=\"\" data-id=\"841\" data-full-url=\"http:\/\/enteculturalsantafesino.com.ar\/sudeste\/wp-content\/uploads\/sites\/6\/2022\/12\/b283d937-7e39-41da-ad80-3f7c45cf8dfc.jpg\" data-link=\"http:\/\/enteculturalsantafesino.com.ar\/sudeste\/?attachment_id=841\" class=\"wp-image-841\" srcset=\"http:\/\/enteculturalsantafesino.com.ar\/sudeste\/wp-content\/uploads\/sites\/6\/2022\/12\/b283d937-7e39-41da-ad80-3f7c45cf8dfc.jpg 960w, http:\/\/enteculturalsantafesino.com.ar\/sudeste\/wp-content\/uploads\/sites\/6\/2022\/12\/b283d937-7e39-41da-ad80-3f7c45cf8dfc-300x281.jpg 300w, http:\/\/enteculturalsantafesino.com.ar\/sudeste\/wp-content\/uploads\/sites\/6\/2022\/12\/b283d937-7e39-41da-ad80-3f7c45cf8dfc-768x719.jpg 768w\" sizes=\"(max-width: 960px) 100vw, 960px\" \/><\/figure><\/li><li class=\"blocks-gallery-item\"><figure><img loading=\"lazy\" decoding=\"async\" width=\"1024\" height=\"768\" src=\"http:\/\/enteculturalsantafesino.com.ar\/sudeste\/wp-content\/uploads\/sites\/6\/2022\/12\/0d8727b9-057c-45da-a621-f7b1185788e8-1024x768.jpg\" alt=\"\" data-id=\"838\" data-full-url=\"http:\/\/enteculturalsantafesino.com.ar\/sudeste\/wp-content\/uploads\/sites\/6\/2022\/12\/0d8727b9-057c-45da-a621-f7b1185788e8.jpg\" data-link=\"http:\/\/enteculturalsantafesino.com.ar\/sudeste\/?attachment_id=838\" class=\"wp-image-838\" srcset=\"http:\/\/enteculturalsantafesino.com.ar\/sudeste\/wp-content\/uploads\/sites\/6\/2022\/12\/0d8727b9-057c-45da-a621-f7b1185788e8-1024x768.jpg 1024w, http:\/\/enteculturalsantafesino.com.ar\/sudeste\/wp-content\/uploads\/sites\/6\/2022\/12\/0d8727b9-057c-45da-a621-f7b1185788e8-300x225.jpg 300w, http:\/\/enteculturalsantafesino.com.ar\/sudeste\/wp-content\/uploads\/sites\/6\/2022\/12\/0d8727b9-057c-45da-a621-f7b1185788e8-768x576.jpg 768w, http:\/\/enteculturalsantafesino.com.ar\/sudeste\/wp-content\/uploads\/sites\/6\/2022\/12\/0d8727b9-057c-45da-a621-f7b1185788e8.jpg 1280w\" sizes=\"(max-width: 1024px) 100vw, 1024px\" \/><\/figure><\/li><\/ul><\/figure>\n\n\n\n<p><\/p>\n\n\n\n<p><\/p>\n\n\n\n<p><\/p>\n\n\n\n<p><\/p>\n\n\n\n<p><br><\/p>\n\n\n\n<p><\/p>\n","protected":false},"excerpt":{"rendered":"<p>Durante la noche del\u00a0martes 6 de diciembre\u00a0en la ciudad\u00a0Noetinger,\u00a0en el marco de\u00a0\u00abLa Fiesta de los Pueblos\u00bb\u00a0se hizo [&hellip;]<\/p>\n","protected":false},"author":3,"featured_media":838,"comment_status":"open","ping_status":"open","sticky":false,"template":"","format":"standard","meta":{"spay_email":"","footnotes":"","jetpack_publicize_message":""},"categories":[10,6,2],"tags":[],"class_list":["post-837","post","type-post","status-publish","format-standard","has-post-thumbnail","hentry","category-bell-ville","category-ecsc","category-noetinger"],"jetpack_featured_media_url":"http:\/\/enteculturalsantafesino.com.ar\/sudeste\/wp-content\/uploads\/sites\/6\/2022\/12\/0d8727b9-057c-45da-a621-f7b1185788e8.jpg","jetpack_publicize_connections":[],"_links":{"self":[{"href":"http:\/\/enteculturalsantafesino.com.ar\/sudeste\/wp-json\/wp\/v2\/posts\/837"}],"collection":[{"href":"http:\/\/enteculturalsantafesino.com.ar\/sudeste\/wp-json\/wp\/v2\/posts"}],"about":[{"href":"http:\/\/enteculturalsantafesino.com.ar\/sudeste\/wp-json\/wp\/v2\/types\/post"}],"author":[{"embeddable":true,"href":"http:\/\/enteculturalsantafesino.com.ar\/sudeste\/wp-json\/wp\/v2\/users\/3"}],"replies":[{"embeddable":true,"href":"http:\/\/enteculturalsantafesino.com.ar\/sudeste\/wp-json\/wp\/v2\/comments?post=837"}],"version-history":[{"count":2,"href":"http:\/\/enteculturalsantafesino.com.ar\/sudeste\/wp-json\/wp\/v2\/posts\/837\/revisions"}],"predecessor-version":[{"id":843,"href":"http:\/\/enteculturalsantafesino.com.ar\/sudeste\/wp-json\/wp\/v2\/posts\/837\/revisions\/843"}],"wp:featuredmedia":[{"embeddable":true,"href":"http:\/\/enteculturalsantafesino.com.ar\/sudeste\/wp-json\/wp\/v2\/media\/838"}],"wp:attachment":[{"href":"http:\/\/enteculturalsantafesino.com.ar\/sudeste\/wp-json\/wp\/v2\/media?parent=837"}],"wp:term":[{"taxonomy":"category","embeddable":true,"href":"http:\/\/enteculturalsantafesino.com.ar\/sudeste\/wp-json\/wp\/v2\/categories?post=837"},{"taxonomy":"post_tag","embeddable":true,"href":"http:\/\/enteculturalsantafesino.com.ar\/sudeste\/wp-json\/wp\/v2\/tags?post=837"}],"curies":[{"name":"wp","href":"https:\/\/api.w.org\/{rel}","templated":true}]}}