{"id":844,"date":"2022-12-07T13:24:08","date_gmt":"2022-12-07T16:24:08","guid":{"rendered":"http:\/\/enteculturalsantafesino.com.ar\/sudeste\/?p=844"},"modified":"2022-12-14T13:41:31","modified_gmt":"2022-12-14T16:41:31","slug":"el-ente-cultural-cordobes-vivio-su-fiesta-de-los-pueblos","status":"publish","type":"post","link":"http:\/\/enteculturalsantafesino.com.ar\/sudeste\/2022\/12\/07\/el-ente-cultural-cordobes-vivio-su-fiesta-de-los-pueblos\/","title":{"rendered":"El Ente Cultural Cordob\u00e9s vivi\u00f3 su &#8220;Fiesta de los Pueblos&#8221;"},"content":{"rendered":"\n<p>La ciudad de<strong> Noetinger<\/strong> fue sede de la primera<strong> &#8220;Fiesta de los Pueblos&#8221;<\/strong><\/p>\n\n\n\n<p>La noche del&nbsp;<strong>martes 6 de diciembre<\/strong>&nbsp;tuvo como testigo a la imponente <strong>Sala de la Sociedad Italiana<\/strong> en el cierre de a\u00f1o,  permitiendo generar un nuevo encuentro de la cultura del sudeste cordob\u00e9s, teniendo&nbsp;como objetivo primordial, reconocer a los distintos referentes y artistas que formaron parte del proceso de acci\u00f3n cultural 2022.<\/p>\n\n\n\n<p>El acto cont\u00f3 con la presencia del <em>Intendente Marcelo Bjorklund y su equipo de gesti\u00f3n, la responsable del Ente Cultural Santafesino Lic. Claudia Giaccone, el Presidente Comunal de Bouquet Luis Raffo, Intendenta de San Marcos Sud Claudia Godoy, los responsables de las secretarias, direcciones y referentes culturales de las comunidades de: San Marcos Sud, Marcos Ju\u00e1rez, Cruz Alta, Cintra, Noetinger, General Roca, Bell Ville, Camilo Aldao y Monte Buey.<\/em><\/p>\n\n\n\n<p>La\u00a0<strong>\u00abFiesta de los Pueblos\u00bb<\/strong>\u00a0permite difundir y promover el quehacer cultural del los adherentes al Ente Cultural Cordob\u00e9s; permitiendo la entrega de las producciones y reconocimientos a los protagonistas de los distintos Programas Culturales difundidos durante el proceso cultural 2022, entre los que se destacan:<strong>\u00a0\u00abArte en Pelotas\u00bb, \u201cCompartiendo Cultura\u201d, \u201cDe Cruz Alta a Cayast\u00e1&#8221;, Francotrinadores &#8220;De Ac\u00e1 y de All\u00e1&#8221;<\/strong>,<strong> &#8220;Arte + Arte<\/strong>,<strong> &#8220;Campeones&#8221; y el Premio &#8220;Vientos del Sudeste&#8221;<\/strong><\/p>\n\n\n\n<p><strong>Palabras<\/strong><\/p>\n\n\n\n<p><strong>Pablo Alel &#8211; Coordinador del Ente Cultural Cordob\u00e9s <\/strong>manifest\u00f3 su alegr\u00eda y satisfacci\u00f3n por el camino recorrido.<em> &#8220;Hoy quiero agradecerles a cada uno de este gran equipo de trabajo por la generosidad y el compromiso que llevaron adelante desde hace cuatro a\u00f1os; con la finalidad de trabajar en forma conjunta y en beneficio a nuestras comunidades&#8221;<\/em><\/p>\n\n\n\n<p><strong>Claudia Giaccone<\/strong>&nbsp;se\u00f1al\u00f3 que esta regi\u00f3n lleg\u00f3 para quedarse y seguir proyect\u00e1ndose. <em>&#8220;Hace cuatro a\u00f1os ven\u00edamos a poner la semilla y sin lugar a dudas el trabajo constante de Ustedes hizo que hoy estemos celabrando la primera &#8220;Fiesta de los Pueblos&#8221;. &#8220;Este proyecto es generado por el amor, el trabajo y la determinaci\u00f3n de muchos actores que siguen creyendo en los proyectos colectivos y cooperativos&#8221; <\/em><\/p>\n\n\n\n<p>El <strong>intendente Marcelo Bjorklund<\/strong> agradeci\u00f3 la presencia de todos los presentes y destac\u00f3 el trabajo que se lleva adelante a nivel local, como as\u00ed tambi\u00e9n los logros que se visibilizan desde el Ente Cultural Cordob\u00e9s.<em> &#8220;El trabajo, es el motor de todo logro y en el video del inicio se not\u00f3 la producci\u00f3n que fue gestada desde este espacio. &#8220;Felicitaciones a todos los que conforman al Ente Cultural Cordob\u00e9s y vamos rumbo a los 5 a\u00f1os con mayores acciones culutrales&#8221;<\/em><\/p>\n\n\n\n<p><strong><a href=\"http:\/\/enteculturalsantafesino.com.ar\/sudeste\/2022\/12\/07\/el-premio-vientos-del-sudeste-fue-para-el-artista-carlos-lopez-alvarez\/\">Entrega del Premio &#8220;Vientos del Sudeste 2022&#8221;<\/a><\/strong><\/p>\n\n\n\n<p>Por primera vez en 4 a\u00f1os desde la conformaci\u00f3n de este espacio, se va a entregar el <strong>Premio \u201cVientos del Sudeste\u201d<\/strong> al artista destacado del sudeste cordob\u00e9s de este a\u00f1o.<\/p>\n\n\n\n<p>En el marco de&nbsp;<strong>\u00abLa Fiesta de los Pueblos\u00bb<\/strong>&nbsp;se hizo entrega por primera vez del premio&nbsp;<strong>\u201cVientos del Sudeste\u201d<\/strong>, con el objetivo de reconocer al artista destacado del sudeste cordob\u00e9s mediante la imagen de un molino de viento; elaborado por el artista peruano<strong>&nbsp;Danny Manuel Yllu ferreyra<\/strong>, radicado desde ha quince a\u00f1os en la ciudad de&nbsp;<strong>Cruz Alta.<\/strong><\/p>\n\n\n\n<p>Los nominados de este a\u00f1o fueron:&nbsp;<strong><em>Carlos L\u00f3pez \u00c1lvarez (Bell Ville), Ramiro Lezcano (San Marcos Sud), Richard Nant (Camilo Aldao), Angela Lucia (Cintra), Mariano Loi\u00e1cono (Cruz Alta), Mar\u00eda Isabel Clausen (General Roca), Guillermo Pfening (Marcos Ju\u00e1rez), Jorge Luis Picchio (Monte Buey) y Horacio Bevilacqua (Noetinger)<\/em>.<\/strong><\/p>\n\n\n\n<p>El ganador de la primera edici\u00f3n de<strong>&nbsp;\u201cVientos del Sudeste<\/strong>\u201d fue para el artista bellvillense:&nbsp;<strong>Carlos L\u00f3pez \u00c1lvarez<\/strong>.<\/p>\n\n\n\n<figure class=\"wp-block-gallery columns-6 is-cropped wp-block-gallery-1 is-layout-flex wp-block-gallery-is-layout-flex\"><ul class=\"blocks-gallery-grid\"><li class=\"blocks-gallery-item\"><figure><img loading=\"lazy\" decoding=\"async\" width=\"1024\" height=\"768\" src=\"http:\/\/enteculturalsantafesino.com.ar\/sudeste\/wp-content\/uploads\/sites\/6\/2022\/12\/8f620e6e-62d3-4747-8cad-1c7934b0a64a-1024x768.jpg\" alt=\"\" data-id=\"852\" data-full-url=\"http:\/\/enteculturalsantafesino.com.ar\/sudeste\/wp-content\/uploads\/sites\/6\/2022\/12\/8f620e6e-62d3-4747-8cad-1c7934b0a64a.jpg\" data-link=\"http:\/\/enteculturalsantafesino.com.ar\/sudeste\/?attachment_id=852\" class=\"wp-image-852\" srcset=\"http:\/\/enteculturalsantafesino.com.ar\/sudeste\/wp-content\/uploads\/sites\/6\/2022\/12\/8f620e6e-62d3-4747-8cad-1c7934b0a64a-1024x768.jpg 1024w, http:\/\/enteculturalsantafesino.com.ar\/sudeste\/wp-content\/uploads\/sites\/6\/2022\/12\/8f620e6e-62d3-4747-8cad-1c7934b0a64a-300x225.jpg 300w, http:\/\/enteculturalsantafesino.com.ar\/sudeste\/wp-content\/uploads\/sites\/6\/2022\/12\/8f620e6e-62d3-4747-8cad-1c7934b0a64a-768x576.jpg 768w, http:\/\/enteculturalsantafesino.com.ar\/sudeste\/wp-content\/uploads\/sites\/6\/2022\/12\/8f620e6e-62d3-4747-8cad-1c7934b0a64a-1536x1152.jpg 1536w, http:\/\/enteculturalsantafesino.com.ar\/sudeste\/wp-content\/uploads\/sites\/6\/2022\/12\/8f620e6e-62d3-4747-8cad-1c7934b0a64a.jpg 1600w\" sizes=\"(max-width: 1024px) 100vw, 1024px\" \/><\/figure><\/li><li class=\"blocks-gallery-item\"><figure><img loading=\"lazy\" decoding=\"async\" width=\"1024\" height=\"768\" src=\"http:\/\/enteculturalsantafesino.com.ar\/sudeste\/wp-content\/uploads\/sites\/6\/2022\/12\/f85acd98-9b3a-4913-88c1-4a0efd4627f4-1024x768.jpg\" alt=\"\" data-id=\"857\" data-full-url=\"http:\/\/enteculturalsantafesino.com.ar\/sudeste\/wp-content\/uploads\/sites\/6\/2022\/12\/f85acd98-9b3a-4913-88c1-4a0efd4627f4.jpg\" data-link=\"http:\/\/enteculturalsantafesino.com.ar\/sudeste\/?attachment_id=857\" class=\"wp-image-857\" srcset=\"http:\/\/enteculturalsantafesino.com.ar\/sudeste\/wp-content\/uploads\/sites\/6\/2022\/12\/f85acd98-9b3a-4913-88c1-4a0efd4627f4-1024x768.jpg 1024w, http:\/\/enteculturalsantafesino.com.ar\/sudeste\/wp-content\/uploads\/sites\/6\/2022\/12\/f85acd98-9b3a-4913-88c1-4a0efd4627f4-300x225.jpg 300w, http:\/\/enteculturalsantafesino.com.ar\/sudeste\/wp-content\/uploads\/sites\/6\/2022\/12\/f85acd98-9b3a-4913-88c1-4a0efd4627f4-768x576.jpg 768w, http:\/\/enteculturalsantafesino.com.ar\/sudeste\/wp-content\/uploads\/sites\/6\/2022\/12\/f85acd98-9b3a-4913-88c1-4a0efd4627f4-1536x1152.jpg 1536w, http:\/\/enteculturalsantafesino.com.ar\/sudeste\/wp-content\/uploads\/sites\/6\/2022\/12\/f85acd98-9b3a-4913-88c1-4a0efd4627f4.jpg 1600w\" sizes=\"(max-width: 1024px) 100vw, 1024px\" \/><\/figure><\/li><li class=\"blocks-gallery-item\"><figure><img loading=\"lazy\" decoding=\"async\" width=\"1024\" height=\"768\" src=\"http:\/\/enteculturalsantafesino.com.ar\/sudeste\/wp-content\/uploads\/sites\/6\/2022\/12\/f8d1f211-9f0e-40a6-a987-d99f5fba1c38-1024x768.jpg\" alt=\"\" data-id=\"856\" data-full-url=\"http:\/\/enteculturalsantafesino.com.ar\/sudeste\/wp-content\/uploads\/sites\/6\/2022\/12\/f8d1f211-9f0e-40a6-a987-d99f5fba1c38.jpg\" data-link=\"http:\/\/enteculturalsantafesino.com.ar\/sudeste\/?attachment_id=856\" class=\"wp-image-856\" srcset=\"http:\/\/enteculturalsantafesino.com.ar\/sudeste\/wp-content\/uploads\/sites\/6\/2022\/12\/f8d1f211-9f0e-40a6-a987-d99f5fba1c38-1024x768.jpg 1024w, http:\/\/enteculturalsantafesino.com.ar\/sudeste\/wp-content\/uploads\/sites\/6\/2022\/12\/f8d1f211-9f0e-40a6-a987-d99f5fba1c38-300x225.jpg 300w, http:\/\/enteculturalsantafesino.com.ar\/sudeste\/wp-content\/uploads\/sites\/6\/2022\/12\/f8d1f211-9f0e-40a6-a987-d99f5fba1c38-768x576.jpg 768w, http:\/\/enteculturalsantafesino.com.ar\/sudeste\/wp-content\/uploads\/sites\/6\/2022\/12\/f8d1f211-9f0e-40a6-a987-d99f5fba1c38-1536x1152.jpg 1536w, http:\/\/enteculturalsantafesino.com.ar\/sudeste\/wp-content\/uploads\/sites\/6\/2022\/12\/f8d1f211-9f0e-40a6-a987-d99f5fba1c38.jpg 1600w\" sizes=\"(max-width: 1024px) 100vw, 1024px\" \/><\/figure><\/li><li class=\"blocks-gallery-item\"><figure><img loading=\"lazy\" decoding=\"async\" width=\"1024\" height=\"768\" src=\"http:\/\/enteculturalsantafesino.com.ar\/sudeste\/wp-content\/uploads\/sites\/6\/2022\/12\/1ad6a224-31a6-40e0-84e7-0319f3e32186-1024x768.jpg\" alt=\"\" data-id=\"848\" data-full-url=\"http:\/\/enteculturalsantafesino.com.ar\/sudeste\/wp-content\/uploads\/sites\/6\/2022\/12\/1ad6a224-31a6-40e0-84e7-0319f3e32186.jpg\" data-link=\"http:\/\/enteculturalsantafesino.com.ar\/sudeste\/?attachment_id=848\" class=\"wp-image-848\" srcset=\"http:\/\/enteculturalsantafesino.com.ar\/sudeste\/wp-content\/uploads\/sites\/6\/2022\/12\/1ad6a224-31a6-40e0-84e7-0319f3e32186-1024x768.jpg 1024w, http:\/\/enteculturalsantafesino.com.ar\/sudeste\/wp-content\/uploads\/sites\/6\/2022\/12\/1ad6a224-31a6-40e0-84e7-0319f3e32186-300x225.jpg 300w, http:\/\/enteculturalsantafesino.com.ar\/sudeste\/wp-content\/uploads\/sites\/6\/2022\/12\/1ad6a224-31a6-40e0-84e7-0319f3e32186-768x576.jpg 768w, http:\/\/enteculturalsantafesino.com.ar\/sudeste\/wp-content\/uploads\/sites\/6\/2022\/12\/1ad6a224-31a6-40e0-84e7-0319f3e32186-1536x1152.jpg 1536w, http:\/\/enteculturalsantafesino.com.ar\/sudeste\/wp-content\/uploads\/sites\/6\/2022\/12\/1ad6a224-31a6-40e0-84e7-0319f3e32186.jpg 1600w\" sizes=\"(max-width: 1024px) 100vw, 1024px\" \/><\/figure><\/li><li class=\"blocks-gallery-item\"><figure><img loading=\"lazy\" decoding=\"async\" width=\"1024\" height=\"768\" src=\"http:\/\/enteculturalsantafesino.com.ar\/sudeste\/wp-content\/uploads\/sites\/6\/2022\/12\/ef3806f5-d01a-43ca-9f4c-5bb668fd4e63-1024x768.jpg\" alt=\"\" data-id=\"855\" data-full-url=\"http:\/\/enteculturalsantafesino.com.ar\/sudeste\/wp-content\/uploads\/sites\/6\/2022\/12\/ef3806f5-d01a-43ca-9f4c-5bb668fd4e63.jpg\" data-link=\"http:\/\/enteculturalsantafesino.com.ar\/sudeste\/?attachment_id=855\" class=\"wp-image-855\" srcset=\"http:\/\/enteculturalsantafesino.com.ar\/sudeste\/wp-content\/uploads\/sites\/6\/2022\/12\/ef3806f5-d01a-43ca-9f4c-5bb668fd4e63-1024x768.jpg 1024w, http:\/\/enteculturalsantafesino.com.ar\/sudeste\/wp-content\/uploads\/sites\/6\/2022\/12\/ef3806f5-d01a-43ca-9f4c-5bb668fd4e63-300x225.jpg 300w, http:\/\/enteculturalsantafesino.com.ar\/sudeste\/wp-content\/uploads\/sites\/6\/2022\/12\/ef3806f5-d01a-43ca-9f4c-5bb668fd4e63-768x576.jpg 768w, http:\/\/enteculturalsantafesino.com.ar\/sudeste\/wp-content\/uploads\/sites\/6\/2022\/12\/ef3806f5-d01a-43ca-9f4c-5bb668fd4e63-1536x1152.jpg 1536w, http:\/\/enteculturalsantafesino.com.ar\/sudeste\/wp-content\/uploads\/sites\/6\/2022\/12\/ef3806f5-d01a-43ca-9f4c-5bb668fd4e63.jpg 1600w\" sizes=\"(max-width: 1024px) 100vw, 1024px\" \/><\/figure><\/li><li class=\"blocks-gallery-item\"><figure><img loading=\"lazy\" decoding=\"async\" width=\"1024\" height=\"768\" src=\"http:\/\/enteculturalsantafesino.com.ar\/sudeste\/wp-content\/uploads\/sites\/6\/2022\/12\/e7c38986-c005-4563-9eb7-da35ded3972f-1024x768.jpg\" alt=\"\" data-id=\"854\" data-full-url=\"http:\/\/enteculturalsantafesino.com.ar\/sudeste\/wp-content\/uploads\/sites\/6\/2022\/12\/e7c38986-c005-4563-9eb7-da35ded3972f.jpg\" data-link=\"http:\/\/enteculturalsantafesino.com.ar\/sudeste\/?attachment_id=854\" class=\"wp-image-854\" srcset=\"http:\/\/enteculturalsantafesino.com.ar\/sudeste\/wp-content\/uploads\/sites\/6\/2022\/12\/e7c38986-c005-4563-9eb7-da35ded3972f-1024x768.jpg 1024w, http:\/\/enteculturalsantafesino.com.ar\/sudeste\/wp-content\/uploads\/sites\/6\/2022\/12\/e7c38986-c005-4563-9eb7-da35ded3972f-300x225.jpg 300w, http:\/\/enteculturalsantafesino.com.ar\/sudeste\/wp-content\/uploads\/sites\/6\/2022\/12\/e7c38986-c005-4563-9eb7-da35ded3972f-768x576.jpg 768w, http:\/\/enteculturalsantafesino.com.ar\/sudeste\/wp-content\/uploads\/sites\/6\/2022\/12\/e7c38986-c005-4563-9eb7-da35ded3972f-1536x1152.jpg 1536w, http:\/\/enteculturalsantafesino.com.ar\/sudeste\/wp-content\/uploads\/sites\/6\/2022\/12\/e7c38986-c005-4563-9eb7-da35ded3972f.jpg 1600w\" sizes=\"(max-width: 1024px) 100vw, 1024px\" \/><\/figure><\/li><li class=\"blocks-gallery-item\"><figure><img loading=\"lazy\" decoding=\"async\" width=\"1024\" height=\"978\" src=\"http:\/\/enteculturalsantafesino.com.ar\/sudeste\/wp-content\/uploads\/sites\/6\/2022\/12\/8962fc50-daa1-4506-9fd5-eb2a31383813-1-1024x978.jpg\" alt=\"\" data-id=\"853\" data-full-url=\"http:\/\/enteculturalsantafesino.com.ar\/sudeste\/wp-content\/uploads\/sites\/6\/2022\/12\/8962fc50-daa1-4506-9fd5-eb2a31383813-1.jpg\" data-link=\"http:\/\/enteculturalsantafesino.com.ar\/sudeste\/?attachment_id=853\" class=\"wp-image-853\" srcset=\"http:\/\/enteculturalsantafesino.com.ar\/sudeste\/wp-content\/uploads\/sites\/6\/2022\/12\/8962fc50-daa1-4506-9fd5-eb2a31383813-1-1024x978.jpg 1024w, http:\/\/enteculturalsantafesino.com.ar\/sudeste\/wp-content\/uploads\/sites\/6\/2022\/12\/8962fc50-daa1-4506-9fd5-eb2a31383813-1-300x286.jpg 300w, http:\/\/enteculturalsantafesino.com.ar\/sudeste\/wp-content\/uploads\/sites\/6\/2022\/12\/8962fc50-daa1-4506-9fd5-eb2a31383813-1-768x733.jpg 768w, http:\/\/enteculturalsantafesino.com.ar\/sudeste\/wp-content\/uploads\/sites\/6\/2022\/12\/8962fc50-daa1-4506-9fd5-eb2a31383813-1.jpg 1367w\" sizes=\"(max-width: 1024px) 100vw, 1024px\" \/><\/figure><\/li><li class=\"blocks-gallery-item\"><figure><img loading=\"lazy\" decoding=\"async\" width=\"1024\" height=\"768\" src=\"http:\/\/enteculturalsantafesino.com.ar\/sudeste\/wp-content\/uploads\/sites\/6\/2022\/12\/7c97f25e-be72-4d7c-bb21-e6fa38c95212-1024x768.jpg\" alt=\"\" data-id=\"851\" data-full-url=\"http:\/\/enteculturalsantafesino.com.ar\/sudeste\/wp-content\/uploads\/sites\/6\/2022\/12\/7c97f25e-be72-4d7c-bb21-e6fa38c95212.jpg\" data-link=\"http:\/\/enteculturalsantafesino.com.ar\/sudeste\/?attachment_id=851\" class=\"wp-image-851\" srcset=\"http:\/\/enteculturalsantafesino.com.ar\/sudeste\/wp-content\/uploads\/sites\/6\/2022\/12\/7c97f25e-be72-4d7c-bb21-e6fa38c95212-1024x768.jpg 1024w, http:\/\/enteculturalsantafesino.com.ar\/sudeste\/wp-content\/uploads\/sites\/6\/2022\/12\/7c97f25e-be72-4d7c-bb21-e6fa38c95212-300x225.jpg 300w, http:\/\/enteculturalsantafesino.com.ar\/sudeste\/wp-content\/uploads\/sites\/6\/2022\/12\/7c97f25e-be72-4d7c-bb21-e6fa38c95212-768x576.jpg 768w, http:\/\/enteculturalsantafesino.com.ar\/sudeste\/wp-content\/uploads\/sites\/6\/2022\/12\/7c97f25e-be72-4d7c-bb21-e6fa38c95212-1536x1152.jpg 1536w, http:\/\/enteculturalsantafesino.com.ar\/sudeste\/wp-content\/uploads\/sites\/6\/2022\/12\/7c97f25e-be72-4d7c-bb21-e6fa38c95212.jpg 1600w\" sizes=\"(max-width: 1024px) 100vw, 1024px\" \/><\/figure><\/li><li class=\"blocks-gallery-item\"><figure><img loading=\"lazy\" decoding=\"async\" width=\"1024\" height=\"768\" src=\"http:\/\/enteculturalsantafesino.com.ar\/sudeste\/wp-content\/uploads\/sites\/6\/2022\/12\/6fc83570-10b6-4923-b0e9-6ee8aa77a120-1024x768.jpg\" alt=\"\" data-id=\"850\" data-full-url=\"http:\/\/enteculturalsantafesino.com.ar\/sudeste\/wp-content\/uploads\/sites\/6\/2022\/12\/6fc83570-10b6-4923-b0e9-6ee8aa77a120.jpg\" data-link=\"http:\/\/enteculturalsantafesino.com.ar\/sudeste\/?attachment_id=850\" class=\"wp-image-850\" srcset=\"http:\/\/enteculturalsantafesino.com.ar\/sudeste\/wp-content\/uploads\/sites\/6\/2022\/12\/6fc83570-10b6-4923-b0e9-6ee8aa77a120-1024x768.jpg 1024w, http:\/\/enteculturalsantafesino.com.ar\/sudeste\/wp-content\/uploads\/sites\/6\/2022\/12\/6fc83570-10b6-4923-b0e9-6ee8aa77a120-300x225.jpg 300w, http:\/\/enteculturalsantafesino.com.ar\/sudeste\/wp-content\/uploads\/sites\/6\/2022\/12\/6fc83570-10b6-4923-b0e9-6ee8aa77a120-768x576.jpg 768w, http:\/\/enteculturalsantafesino.com.ar\/sudeste\/wp-content\/uploads\/sites\/6\/2022\/12\/6fc83570-10b6-4923-b0e9-6ee8aa77a120-1536x1152.jpg 1536w, http:\/\/enteculturalsantafesino.com.ar\/sudeste\/wp-content\/uploads\/sites\/6\/2022\/12\/6fc83570-10b6-4923-b0e9-6ee8aa77a120.jpg 1600w\" sizes=\"(max-width: 1024px) 100vw, 1024px\" \/><\/figure><\/li><li class=\"blocks-gallery-item\"><figure><img loading=\"lazy\" decoding=\"async\" width=\"1024\" height=\"768\" src=\"http:\/\/enteculturalsantafesino.com.ar\/sudeste\/wp-content\/uploads\/sites\/6\/2022\/12\/6e09bbef-2dca-455d-a669-fd03333c81a3-1024x768.jpg\" alt=\"\" data-id=\"849\" data-full-url=\"http:\/\/enteculturalsantafesino.com.ar\/sudeste\/wp-content\/uploads\/sites\/6\/2022\/12\/6e09bbef-2dca-455d-a669-fd03333c81a3.jpg\" data-link=\"http:\/\/enteculturalsantafesino.com.ar\/sudeste\/?attachment_id=849\" class=\"wp-image-849\" srcset=\"http:\/\/enteculturalsantafesino.com.ar\/sudeste\/wp-content\/uploads\/sites\/6\/2022\/12\/6e09bbef-2dca-455d-a669-fd03333c81a3-1024x768.jpg 1024w, http:\/\/enteculturalsantafesino.com.ar\/sudeste\/wp-content\/uploads\/sites\/6\/2022\/12\/6e09bbef-2dca-455d-a669-fd03333c81a3-300x225.jpg 300w, http:\/\/enteculturalsantafesino.com.ar\/sudeste\/wp-content\/uploads\/sites\/6\/2022\/12\/6e09bbef-2dca-455d-a669-fd03333c81a3-768x576.jpg 768w, http:\/\/enteculturalsantafesino.com.ar\/sudeste\/wp-content\/uploads\/sites\/6\/2022\/12\/6e09bbef-2dca-455d-a669-fd03333c81a3-1536x1152.jpg 1536w, http:\/\/enteculturalsantafesino.com.ar\/sudeste\/wp-content\/uploads\/sites\/6\/2022\/12\/6e09bbef-2dca-455d-a669-fd03333c81a3.jpg 1600w\" sizes=\"(max-width: 1024px) 100vw, 1024px\" \/><\/figure><\/li><li class=\"blocks-gallery-item\"><figure><img loading=\"lazy\" decoding=\"async\" width=\"1024\" height=\"768\" src=\"http:\/\/enteculturalsantafesino.com.ar\/sudeste\/wp-content\/uploads\/sites\/6\/2022\/12\/787bb037-d2d3-42d8-840a-41d6cb567ceb-1024x768.jpg\" alt=\"\" data-id=\"846\" data-full-url=\"http:\/\/enteculturalsantafesino.com.ar\/sudeste\/wp-content\/uploads\/sites\/6\/2022\/12\/787bb037-d2d3-42d8-840a-41d6cb567ceb.jpg\" data-link=\"http:\/\/enteculturalsantafesino.com.ar\/sudeste\/?attachment_id=846\" class=\"wp-image-846\" srcset=\"http:\/\/enteculturalsantafesino.com.ar\/sudeste\/wp-content\/uploads\/sites\/6\/2022\/12\/787bb037-d2d3-42d8-840a-41d6cb567ceb-1024x768.jpg 1024w, http:\/\/enteculturalsantafesino.com.ar\/sudeste\/wp-content\/uploads\/sites\/6\/2022\/12\/787bb037-d2d3-42d8-840a-41d6cb567ceb-300x225.jpg 300w, http:\/\/enteculturalsantafesino.com.ar\/sudeste\/wp-content\/uploads\/sites\/6\/2022\/12\/787bb037-d2d3-42d8-840a-41d6cb567ceb-768x576.jpg 768w, http:\/\/enteculturalsantafesino.com.ar\/sudeste\/wp-content\/uploads\/sites\/6\/2022\/12\/787bb037-d2d3-42d8-840a-41d6cb567ceb-1536x1152.jpg 1536w, http:\/\/enteculturalsantafesino.com.ar\/sudeste\/wp-content\/uploads\/sites\/6\/2022\/12\/787bb037-d2d3-42d8-840a-41d6cb567ceb.jpg 1600w\" sizes=\"(max-width: 1024px) 100vw, 1024px\" \/><\/figure><\/li><li class=\"blocks-gallery-item\"><figure><img loading=\"lazy\" decoding=\"async\" width=\"1024\" height=\"768\" src=\"http:\/\/enteculturalsantafesino.com.ar\/sudeste\/wp-content\/uploads\/sites\/6\/2022\/12\/1a7822bd-3d24-4f4c-8e15-28d84adcb383-1024x768.jpg\" alt=\"\" data-id=\"847\" data-full-url=\"http:\/\/enteculturalsantafesino.com.ar\/sudeste\/wp-content\/uploads\/sites\/6\/2022\/12\/1a7822bd-3d24-4f4c-8e15-28d84adcb383.jpg\" data-link=\"http:\/\/enteculturalsantafesino.com.ar\/sudeste\/?attachment_id=847\" class=\"wp-image-847\" srcset=\"http:\/\/enteculturalsantafesino.com.ar\/sudeste\/wp-content\/uploads\/sites\/6\/2022\/12\/1a7822bd-3d24-4f4c-8e15-28d84adcb383-1024x768.jpg 1024w, http:\/\/enteculturalsantafesino.com.ar\/sudeste\/wp-content\/uploads\/sites\/6\/2022\/12\/1a7822bd-3d24-4f4c-8e15-28d84adcb383-300x225.jpg 300w, http:\/\/enteculturalsantafesino.com.ar\/sudeste\/wp-content\/uploads\/sites\/6\/2022\/12\/1a7822bd-3d24-4f4c-8e15-28d84adcb383-768x576.jpg 768w, http:\/\/enteculturalsantafesino.com.ar\/sudeste\/wp-content\/uploads\/sites\/6\/2022\/12\/1a7822bd-3d24-4f4c-8e15-28d84adcb383-1536x1152.jpg 1536w, http:\/\/enteculturalsantafesino.com.ar\/sudeste\/wp-content\/uploads\/sites\/6\/2022\/12\/1a7822bd-3d24-4f4c-8e15-28d84adcb383.jpg 1600w\" sizes=\"(max-width: 1024px) 100vw, 1024px\" \/><\/figure><\/li><\/ul><figcaption class=\"blocks-gallery-caption\">66<\/figcaption><\/figure>\n","protected":false},"excerpt":{"rendered":"<p>La ciudad de Noetinger fue sede de la primera &#8220;Fiesta de los Pueblos&#8221; La noche del&nbsp;martes 6 [&hellip;]<\/p>\n","protected":false},"author":3,"featured_media":845,"comment_status":"open","ping_status":"open","sticky":false,"template":"","format":"standard","meta":{"spay_email":"","footnotes":"","jetpack_publicize_message":""},"categories":[6,2],"tags":[],"class_list":["post-844","post","type-post","status-publish","format-standard","has-post-thumbnail","hentry","category-ecsc","category-noetinger"],"jetpack_featured_media_url":"http:\/\/enteculturalsantafesino.com.ar\/sudeste\/wp-content\/uploads\/sites\/6\/2022\/12\/8d4123aa-94b1-4304-9fbc-a70b272f4614.jpg","jetpack_publicize_connections":[],"_links":{"self":[{"href":"http:\/\/enteculturalsantafesino.com.ar\/sudeste\/wp-json\/wp\/v2\/posts\/844"}],"collection":[{"href":"http:\/\/enteculturalsantafesino.com.ar\/sudeste\/wp-json\/wp\/v2\/posts"}],"about":[{"href":"http:\/\/enteculturalsantafesino.com.ar\/sudeste\/wp-json\/wp\/v2\/types\/post"}],"author":[{"embeddable":true,"href":"http:\/\/enteculturalsantafesino.com.ar\/sudeste\/wp-json\/wp\/v2\/users\/3"}],"replies":[{"embeddable":true,"href":"http:\/\/enteculturalsantafesino.com.ar\/sudeste\/wp-json\/wp\/v2\/comments?post=844"}],"version-history":[{"count":4,"href":"http:\/\/enteculturalsantafesino.com.ar\/sudeste\/wp-json\/wp\/v2\/posts\/844\/revisions"}],"predecessor-version":[{"id":866,"href":"http:\/\/enteculturalsantafesino.com.ar\/sudeste\/wp-json\/wp\/v2\/posts\/844\/revisions\/866"}],"wp:featuredmedia":[{"embeddable":true,"href":"http:\/\/enteculturalsantafesino.com.ar\/sudeste\/wp-json\/wp\/v2\/media\/845"}],"wp:attachment":[{"href":"http:\/\/enteculturalsantafesino.com.ar\/sudeste\/wp-json\/wp\/v2\/media?parent=844"}],"wp:term":[{"taxonomy":"category","embeddable":true,"href":"http:\/\/enteculturalsantafesino.com.ar\/sudeste\/wp-json\/wp\/v2\/categories?post=844"},{"taxonomy":"post_tag","embeddable":true,"href":"http:\/\/enteculturalsantafesino.com.ar\/sudeste\/wp-json\/wp\/v2\/tags?post=844"}],"curies":[{"name":"wp","href":"https:\/\/api.w.org\/{rel}","templated":true}]}}