{"id":861,"date":"2022-12-08T15:39:13","date_gmt":"2022-12-08T18:39:13","guid":{"rendered":"http:\/\/enteculturalsantafesino.com.ar\/sudeste\/?p=861"},"modified":"2022-12-08T15:42:06","modified_gmt":"2022-12-08T18:42:06","slug":"arte-arte-se-inauguro-en-el-museo-genaro-perez-cba","status":"publish","type":"post","link":"http:\/\/enteculturalsantafesino.com.ar\/sudeste\/2022\/12\/08\/arte-arte-se-inauguro-en-el-museo-genaro-perez-cba\/","title":{"rendered":"&#8220;Arte + Arte&#8221; se inaugur\u00f3 en el Museo Genaro P\u00e9rez (Cba)"},"content":{"rendered":"\n<p>En el marco del trabajo de \u201cintegraci\u00f3n cultural interprovincial\u201d durante la jornada del\u00a0<strong>mi\u00e9rcoles 7 de diciembre\u00a0<\/strong>en las instalaciones del\u00a0<strong>Museo Genaro P\u00e9rez<\/strong>\u00a0de la ciudad de C\u00f3rdoba se llev\u00f3 a cabo la apertura de las obras perteneciente al programa<strong> &#8220;Arte + Arte&#8221;<\/strong> integrado por obras de artistas del sudeste de C\u00f3rdoba y del norte santafesino.-<\/p>\n\n\n\n<p>Con la presencia del <em>Coordinador del Ente Cultural Cordob\u00e9s Prof. Pablo Alel, el referente del ECC en la ciudad de Bell Ville Dr. Gustavo Calzolari,<\/em> e<em>l Director de Cultura y Patrimonio\u00a0Juan Mart\u00edn Sequeira, la Subdirectora de Desarrollo y Cooperaci\u00f3n Cultural\u00a0Sol Mosquera y artistas que integran dicha propuesta,\u00a0<\/em>se dio apertura a esta muestra integrada por obras de distintos artistas santafesinos.<\/p>\n\n\n\n<p>Los artistas que integran dicha propuesta interprovincial son: Natalia Matteuci (Marcos Ju\u00e1rez), Mariel Silvera (Noetinger), Carlos L\u00f3pez \u00c1lvarez (Bell Ville), Mirta Bergese (San Antonio de Litin), Claudia Loiacono (Cruz Alta), Cristina Ameatoi (General Roca), Marta Brach y Gladis Decker (Villa Ocampo). <\/p>\n\n\n\n<p><strong>Durante el mes de enero, la muestra se podr\u00e1 visitar en el Centro Cultural Casona Municipal, en General Paz 395, Centro, Cba.<\/strong><\/p>\n\n\n\n<p>El\u00a0<strong>Coordinador del Ente Cultural Cordob\u00e9s Pablo Alel\u00a0<\/strong>manifest\u00f3 su alegr\u00eda de concretar esta gesti\u00f3n que visibiliza todo el trabajo que venimos llevando adelante desde ambos Ente Culturales y la Municipalidad de C\u00f3rdoba a trav\u00e9s de su Secretaria de Cultura.<\/p>\n\n\n\n<p>El&nbsp;<strong>Museo Genaro P\u00e9rez&nbsp;<\/strong>es una casa de cultura, sede de la colecci\u00f3n de pintura de la Municipalidad de C\u00f3rdoba y de las expresiones art\u00edsticas contempor\u00e1neas de la ciudad.<\/p>\n\n\n\n<p>El&nbsp;<strong>Museo Genaro P\u00e9rez<\/strong>&nbsp;fue creado en 1943, siendo su principal impulsor y primer director Roberto Viola.<\/p>\n\n\n\n<p>En sus inicios funcion\u00f3 en la calle Caseros, su colecci\u00f3n se fue formando con obras de los Salones que comenzaban a realizarse y donaciones de Roberto Viola y otros artistas locales.<\/p>\n\n\n\n<p>Hoy atesora una colecci\u00f3n de 1000 obras que incrementada sistem\u00e1ticamente asegura un recorrido cada vez m\u00e1s acabado por casi dos siglos de arte argentino.<\/p>\n","protected":false},"excerpt":{"rendered":"<p>En el marco del trabajo de \u201cintegraci\u00f3n cultural interprovincial\u201d durante la jornada del\u00a0mi\u00e9rcoles 7 de diciembre\u00a0en las [&hellip;]<\/p>\n","protected":false},"author":3,"featured_media":862,"comment_status":"open","ping_status":"open","sticky":false,"template":"","format":"standard","meta":{"spay_email":"","footnotes":"","jetpack_publicize_message":""},"categories":[6],"tags":[],"class_list":["post-861","post","type-post","status-publish","format-standard","has-post-thumbnail","hentry","category-ecsc"],"jetpack_featured_media_url":"http:\/\/enteculturalsantafesino.com.ar\/sudeste\/wp-content\/uploads\/sites\/6\/2022\/12\/25024a48-d2a8-47a6-94e2-aa1da7dbdc5c.jpg","jetpack_publicize_connections":[],"_links":{"self":[{"href":"http:\/\/enteculturalsantafesino.com.ar\/sudeste\/wp-json\/wp\/v2\/posts\/861"}],"collection":[{"href":"http:\/\/enteculturalsantafesino.com.ar\/sudeste\/wp-json\/wp\/v2\/posts"}],"about":[{"href":"http:\/\/enteculturalsantafesino.com.ar\/sudeste\/wp-json\/wp\/v2\/types\/post"}],"author":[{"embeddable":true,"href":"http:\/\/enteculturalsantafesino.com.ar\/sudeste\/wp-json\/wp\/v2\/users\/3"}],"replies":[{"embeddable":true,"href":"http:\/\/enteculturalsantafesino.com.ar\/sudeste\/wp-json\/wp\/v2\/comments?post=861"}],"version-history":[{"count":2,"href":"http:\/\/enteculturalsantafesino.com.ar\/sudeste\/wp-json\/wp\/v2\/posts\/861\/revisions"}],"predecessor-version":[{"id":864,"href":"http:\/\/enteculturalsantafesino.com.ar\/sudeste\/wp-json\/wp\/v2\/posts\/861\/revisions\/864"}],"wp:featuredmedia":[{"embeddable":true,"href":"http:\/\/enteculturalsantafesino.com.ar\/sudeste\/wp-json\/wp\/v2\/media\/862"}],"wp:attachment":[{"href":"http:\/\/enteculturalsantafesino.com.ar\/sudeste\/wp-json\/wp\/v2\/media?parent=861"}],"wp:term":[{"taxonomy":"category","embeddable":true,"href":"http:\/\/enteculturalsantafesino.com.ar\/sudeste\/wp-json\/wp\/v2\/categories?post=861"},{"taxonomy":"post_tag","embeddable":true,"href":"http:\/\/enteculturalsantafesino.com.ar\/sudeste\/wp-json\/wp\/v2\/tags?post=861"}],"curies":[{"name":"wp","href":"https:\/\/api.w.org\/{rel}","templated":true}]}}