{"id":867,"date":"2022-12-14T14:26:39","date_gmt":"2022-12-14T17:26:39","guid":{"rendered":"http:\/\/enteculturalsantafesino.com.ar\/sudeste\/?p=867"},"modified":"2022-12-14T14:36:33","modified_gmt":"2022-12-14T17:36:33","slug":"en-noetinger-se-inauguro-la-muestra-campeones-cordobeses","status":"publish","type":"post","link":"http:\/\/enteculturalsantafesino.com.ar\/sudeste\/2022\/12\/14\/en-noetinger-se-inauguro-la-muestra-campeones-cordobeses\/","title":{"rendered":"En Noetinger se inaugur\u00f3 la Muestra &#8220;Campeones Cordobeses&#8221;"},"content":{"rendered":"\n<p>En el marco de la <strong>&#8220;Fiesta de los Pueblos 2022&#8221;<\/strong> perteneciente al <strong>Ente Cultural Cordob\u00e9s<\/strong>, se inaugur\u00f3 en la ciudad de <strong>Noetinger<\/strong> el <strong>martes 6 de diciembre<\/strong> la <strong>Muestra Itinerante &#8220;Campeones&#8221;<\/strong><\/p>\n\n\n\n<p>Dicha propuesta impulsada por el <strong>Ente Cultural Santafesino<\/strong>, inspir\u00f3 al <strong>Ente Cultural Cordob\u00e9s<\/strong> a gestar a trav\u00e9s de las obras del artista <strong>Alfredo Blanco (Alfy)<\/strong>, esta nueva muestra que reconoce a los<strong> Campeones  Mundiales 1978 y 1986<\/strong>, nacidos en comunidades de la provincia de C\u00f3rdoba.- <\/p>\n\n\n\n<p><strong>Alfredo Blanco<\/strong>,&nbsp;<em>m\u00e9dico pediatra, creador de caricaturas, ilustraciones y publicidades. Autor del \u00abDiego Alado\u00bb. Habitante del barrio de Villa Celina.<\/em><\/p>\n\n\n\n<p>De la inauguraci\u00f3n formaron parte el&nbsp;<em>Intendente Marcelo Bjorklund y su equipo de gesti\u00f3n, la responsable del Ente Cultural Santafesino Lic. Claudia Giaccone, el Coordinador del Ente Cordob\u00e9s Prof. Pablo Alel, la Intendenta de San Marcos Sud Claudia Godoy, los responsables de las secretarias, direcciones y referentes culturales de las comunidades de: San Marcos Sud, Marcos Ju\u00e1rez, Cruz Alta, Cintra, Noetinger, General Roca, Bell Ville, Camilo Aldao y Monte Buey.<\/em><\/p>\n\n\n\n<p><strong>Pablo Alel <\/strong>manifest\u00f3 su satisfacci\u00f3n de poner en marcha esta nueva propuesta que girar\u00e1 por las comunidades adheridas a nuestro Ente Cultural Cordob\u00e9s y tambi\u00e9n se la ofreceremos a las localidades en donde nacieron nuestros &#8220;Campeones Cordobeses&#8221;. <em>&#8220;Ojala que despu\u00e9s de la final podamos sumar a todos los &#8220;Campeones 2022&#8221;<\/em>, finaliz\u00f3 Alel.<\/p>\n\n\n\n<p>Por su parte <strong>Claudia Giaccone <\/strong>agradeci\u00f3 la predisposici\u00f3n y entrega desinteresada de <strong>Alfy<\/strong>, con quien ya originamos una hermosa amistad y compartimos la pasi\u00f3n por el futbol y por nuestros &#8220;Campeones mundiales&#8221;. <em>&#8220;Esta muestra sin lugar a dudas visibiliza el potencial deportivo que tienen ambas provincias&#8221;<\/em><\/p>\n\n\n\n<p><strong>Muestra &#8220;Campeones&#8221; &#8211; (C\u00f3rdoba)<\/strong><br>La provincia mediterr\u00e1nea dio seis <strong>Campeones del Mundo<\/strong>: <em>Osvaldo Ardiles (C\u00f3rdoba), Mario Alberto Kempes (Bell Ville) , Jos\u00e9 Luis Cucciufo (C\u00f3rdoba), Oscar Ruggeri (Corral de Bustos), Am\u00e9rico Rub\u00e9n Gallego (Morteros), Miguel Oviedo (C\u00f3rdoba) y tres jugadores fueron adoptados por la docta: Luis Galv\u00e1n (Santiago del Estero), H\u00e9ctor Baley (Ingeniero White) y Jos\u00e9 Daniel Valencia (San Salvador del Jujuy<\/em>).<\/p>\n\n\n\n<figure class=\"wp-block-gallery columns-4 is-cropped wp-block-gallery-1 is-layout-flex wp-block-gallery-is-layout-flex\"><ul class=\"blocks-gallery-grid\"><li class=\"blocks-gallery-item\"><figure><img loading=\"lazy\" decoding=\"async\" width=\"1024\" height=\"768\" src=\"http:\/\/enteculturalsantafesino.com.ar\/sudeste\/wp-content\/uploads\/sites\/6\/2022\/12\/0d8727b9-057c-45da-a621-f7b1185788e8-1-1024x768.jpg\" alt=\"\" data-id=\"868\" data-full-url=\"http:\/\/enteculturalsantafesino.com.ar\/sudeste\/wp-content\/uploads\/sites\/6\/2022\/12\/0d8727b9-057c-45da-a621-f7b1185788e8-1.jpg\" data-link=\"http:\/\/enteculturalsantafesino.com.ar\/sudeste\/?attachment_id=868\" class=\"wp-image-868\" srcset=\"http:\/\/enteculturalsantafesino.com.ar\/sudeste\/wp-content\/uploads\/sites\/6\/2022\/12\/0d8727b9-057c-45da-a621-f7b1185788e8-1-1024x768.jpg 1024w, http:\/\/enteculturalsantafesino.com.ar\/sudeste\/wp-content\/uploads\/sites\/6\/2022\/12\/0d8727b9-057c-45da-a621-f7b1185788e8-1-300x225.jpg 300w, http:\/\/enteculturalsantafesino.com.ar\/sudeste\/wp-content\/uploads\/sites\/6\/2022\/12\/0d8727b9-057c-45da-a621-f7b1185788e8-1-768x576.jpg 768w, http:\/\/enteculturalsantafesino.com.ar\/sudeste\/wp-content\/uploads\/sites\/6\/2022\/12\/0d8727b9-057c-45da-a621-f7b1185788e8-1.jpg 1280w\" sizes=\"(max-width: 1024px) 100vw, 1024px\" \/><\/figure><\/li><li class=\"blocks-gallery-item\"><figure><img loading=\"lazy\" decoding=\"async\" width=\"1024\" height=\"768\" src=\"http:\/\/enteculturalsantafesino.com.ar\/sudeste\/wp-content\/uploads\/sites\/6\/2022\/12\/9a93b379-faf5-41dc-829f-f8d8a9008268-1024x768.jpg\" alt=\"\" data-id=\"869\" data-full-url=\"http:\/\/enteculturalsantafesino.com.ar\/sudeste\/wp-content\/uploads\/sites\/6\/2022\/12\/9a93b379-faf5-41dc-829f-f8d8a9008268.jpg\" data-link=\"http:\/\/enteculturalsantafesino.com.ar\/sudeste\/?attachment_id=869\" class=\"wp-image-869\" srcset=\"http:\/\/enteculturalsantafesino.com.ar\/sudeste\/wp-content\/uploads\/sites\/6\/2022\/12\/9a93b379-faf5-41dc-829f-f8d8a9008268-1024x768.jpg 1024w, http:\/\/enteculturalsantafesino.com.ar\/sudeste\/wp-content\/uploads\/sites\/6\/2022\/12\/9a93b379-faf5-41dc-829f-f8d8a9008268-300x225.jpg 300w, http:\/\/enteculturalsantafesino.com.ar\/sudeste\/wp-content\/uploads\/sites\/6\/2022\/12\/9a93b379-faf5-41dc-829f-f8d8a9008268-768x576.jpg 768w, http:\/\/enteculturalsantafesino.com.ar\/sudeste\/wp-content\/uploads\/sites\/6\/2022\/12\/9a93b379-faf5-41dc-829f-f8d8a9008268.jpg 1280w\" sizes=\"(max-width: 1024px) 100vw, 1024px\" \/><\/figure><\/li><li class=\"blocks-gallery-item\"><figure><img loading=\"lazy\" decoding=\"async\" width=\"1024\" height=\"768\" src=\"http:\/\/enteculturalsantafesino.com.ar\/sudeste\/wp-content\/uploads\/sites\/6\/2022\/12\/9d2adb04-870d-47bf-8fbb-aa891b6fbad4-1024x768.jpg\" alt=\"\" data-id=\"870\" data-full-url=\"http:\/\/enteculturalsantafesino.com.ar\/sudeste\/wp-content\/uploads\/sites\/6\/2022\/12\/9d2adb04-870d-47bf-8fbb-aa891b6fbad4.jpg\" data-link=\"http:\/\/enteculturalsantafesino.com.ar\/sudeste\/?attachment_id=870\" class=\"wp-image-870\" srcset=\"http:\/\/enteculturalsantafesino.com.ar\/sudeste\/wp-content\/uploads\/sites\/6\/2022\/12\/9d2adb04-870d-47bf-8fbb-aa891b6fbad4-1024x768.jpg 1024w, http:\/\/enteculturalsantafesino.com.ar\/sudeste\/wp-content\/uploads\/sites\/6\/2022\/12\/9d2adb04-870d-47bf-8fbb-aa891b6fbad4-300x225.jpg 300w, http:\/\/enteculturalsantafesino.com.ar\/sudeste\/wp-content\/uploads\/sites\/6\/2022\/12\/9d2adb04-870d-47bf-8fbb-aa891b6fbad4-768x576.jpg 768w, http:\/\/enteculturalsantafesino.com.ar\/sudeste\/wp-content\/uploads\/sites\/6\/2022\/12\/9d2adb04-870d-47bf-8fbb-aa891b6fbad4.jpg 1280w\" sizes=\"(max-width: 1024px) 100vw, 1024px\" \/><\/figure><\/li><li class=\"blocks-gallery-item\"><figure><img loading=\"lazy\" decoding=\"async\" width=\"1024\" height=\"635\" src=\"http:\/\/enteculturalsantafesino.com.ar\/sudeste\/wp-content\/uploads\/sites\/6\/2022\/12\/407d31bc-37c3-4489-9bd1-490711ce243d-1024x635.jpg\" alt=\"\" data-id=\"871\" data-full-url=\"http:\/\/enteculturalsantafesino.com.ar\/sudeste\/wp-content\/uploads\/sites\/6\/2022\/12\/407d31bc-37c3-4489-9bd1-490711ce243d.jpg\" data-link=\"http:\/\/enteculturalsantafesino.com.ar\/sudeste\/?attachment_id=871\" class=\"wp-image-871\" srcset=\"http:\/\/enteculturalsantafesino.com.ar\/sudeste\/wp-content\/uploads\/sites\/6\/2022\/12\/407d31bc-37c3-4489-9bd1-490711ce243d-1024x635.jpg 1024w, http:\/\/enteculturalsantafesino.com.ar\/sudeste\/wp-content\/uploads\/sites\/6\/2022\/12\/407d31bc-37c3-4489-9bd1-490711ce243d-300x186.jpg 300w, http:\/\/enteculturalsantafesino.com.ar\/sudeste\/wp-content\/uploads\/sites\/6\/2022\/12\/407d31bc-37c3-4489-9bd1-490711ce243d-768x476.jpg 768w, http:\/\/enteculturalsantafesino.com.ar\/sudeste\/wp-content\/uploads\/sites\/6\/2022\/12\/407d31bc-37c3-4489-9bd1-490711ce243d.jpg 1280w\" sizes=\"(max-width: 1024px) 100vw, 1024px\" \/><\/figure><\/li><\/ul><\/figure>\n","protected":false},"excerpt":{"rendered":"<p>En el marco de la &#8220;Fiesta de los Pueblos 2022&#8221; perteneciente al Ente Cultural Cordob\u00e9s, se inaugur\u00f3 [&hellip;]<\/p>\n","protected":false},"author":3,"featured_media":870,"comment_status":"open","ping_status":"open","sticky":false,"template":"","format":"standard","meta":{"spay_email":"","footnotes":"","jetpack_publicize_message":""},"categories":[6,2],"tags":[],"class_list":["post-867","post","type-post","status-publish","format-standard","has-post-thumbnail","hentry","category-ecsc","category-noetinger"],"jetpack_featured_media_url":"http:\/\/enteculturalsantafesino.com.ar\/sudeste\/wp-content\/uploads\/sites\/6\/2022\/12\/9d2adb04-870d-47bf-8fbb-aa891b6fbad4.jpg","jetpack_publicize_connections":[],"_links":{"self":[{"href":"http:\/\/enteculturalsantafesino.com.ar\/sudeste\/wp-json\/wp\/v2\/posts\/867"}],"collection":[{"href":"http:\/\/enteculturalsantafesino.com.ar\/sudeste\/wp-json\/wp\/v2\/posts"}],"about":[{"href":"http:\/\/enteculturalsantafesino.com.ar\/sudeste\/wp-json\/wp\/v2\/types\/post"}],"author":[{"embeddable":true,"href":"http:\/\/enteculturalsantafesino.com.ar\/sudeste\/wp-json\/wp\/v2\/users\/3"}],"replies":[{"embeddable":true,"href":"http:\/\/enteculturalsantafesino.com.ar\/sudeste\/wp-json\/wp\/v2\/comments?post=867"}],"version-history":[{"count":3,"href":"http:\/\/enteculturalsantafesino.com.ar\/sudeste\/wp-json\/wp\/v2\/posts\/867\/revisions"}],"predecessor-version":[{"id":874,"href":"http:\/\/enteculturalsantafesino.com.ar\/sudeste\/wp-json\/wp\/v2\/posts\/867\/revisions\/874"}],"wp:featuredmedia":[{"embeddable":true,"href":"http:\/\/enteculturalsantafesino.com.ar\/sudeste\/wp-json\/wp\/v2\/media\/870"}],"wp:attachment":[{"href":"http:\/\/enteculturalsantafesino.com.ar\/sudeste\/wp-json\/wp\/v2\/media?parent=867"}],"wp:term":[{"taxonomy":"category","embeddable":true,"href":"http:\/\/enteculturalsantafesino.com.ar\/sudeste\/wp-json\/wp\/v2\/categories?post=867"},{"taxonomy":"post_tag","embeddable":true,"href":"http:\/\/enteculturalsantafesino.com.ar\/sudeste\/wp-json\/wp\/v2\/tags?post=867"}],"curies":[{"name":"wp","href":"https:\/\/api.w.org\/{rel}","templated":true}]}}