{"id":875,"date":"2022-12-16T12:50:35","date_gmt":"2022-12-16T15:50:35","guid":{"rendered":"http:\/\/enteculturalsantafesino.com.ar\/sudeste\/?p=875"},"modified":"2022-12-16T13:09:18","modified_gmt":"2022-12-16T16:09:18","slug":"arte-en-pelotas-llego-a-san-marcos-sud","status":"publish","type":"post","link":"http:\/\/enteculturalsantafesino.com.ar\/sudeste\/2022\/12\/16\/arte-en-pelotas-llego-a-san-marcos-sud\/","title":{"rendered":"&#8220;Arte en Pelotas&#8221; lleg\u00f3 a San Marcos Sud"},"content":{"rendered":"\n<p>En el marco de los <strong>Cierres de los &#8220;Talleres Culturales&#8221; <\/strong>el <strong>jueves 15<\/strong> <strong>de diciembre<\/strong> frente al <strong>Taller de M\u00fasica<\/strong>; se inaugur\u00f3 la muestra itinerante <strong>&#8220;Arte en Pelotas&#8221;<\/strong>, la cual sigue girando por comunidades del sudeste cordob\u00e9s y Santa Fe.<\/p>\n\n\n\n<p>Dicho programa fue generado desde los\u00a0<strong>Entes Culturales Santafesino y Cordob\u00e9s,\u00a0<\/strong>la cual expone un centenar de obras de arte sobre balones de futbol, originados desde comunidades santafesinas y del sudeste cordob\u00e9s.<\/p>\n\n\n\n<p>La muestra que ya fue presentada en la\u00a0<strong>Asociaci\u00f3n del F\u00fatbol Argentino (AFA)<\/strong>\u00a0y en la<strong> XIX Fiesta Nacional de Pelota <\/strong>(Bell Ville), inici\u00f3 su recorrido desde las localidades adheridas al Ente Cultural Cordob\u00e9s para llegar durante el mes de enero a la provincia de de Santa Fe.<\/p>\n\n\n\n<p>El programa&nbsp;<strong>\u00abArte en Pelotas\u00bb<\/strong>&nbsp;consiste en la intervenci\u00f3n art\u00edstica sobre pelotas de f\u00fatbol, las cuales son pintadas en forma colectiva o individual. En dicha producci\u00f3n se refleja la idiosincrasia, el paisaje, la historia y el esp\u00edritu deportivo de cada comunidad participante.<\/p>\n\n\n\n<p><strong>Pablo Alel, coordinador del Ente Cultural Cordob\u00e9s<\/strong>\u00a0y\u00a0<strong>Secretario de Cultura de Noetinger<\/strong>, destac\u00f3 que <em>\u201cla muestra es el resultado de un trabajo en conjunto iniciado por ambos Entes a comienzos del presente a\u00f1o. No solamente fue el trabajo de personas, sino de instituciones y escuelas, donde tambi\u00e9n se habl\u00f3 del f\u00fatbol. Ha sido una participaci\u00f3n excelente de los vecinos y localidades que conforman ambos Entes\u201d<\/em><\/p>\n","protected":false},"excerpt":{"rendered":"<p>En el marco de los Cierres de los &#8220;Talleres Culturales&#8221; el jueves 15 de diciembre frente al [&hellip;]<\/p>\n","protected":false},"author":3,"featured_media":876,"comment_status":"open","ping_status":"open","sticky":false,"template":"","format":"standard","meta":{"spay_email":"","footnotes":"","jetpack_publicize_message":""},"categories":[6,4],"tags":[],"class_list":["post-875","post","type-post","status-publish","format-standard","has-post-thumbnail","hentry","category-ecsc","category-san-marcos-sud"],"jetpack_featured_media_url":"http:\/\/enteculturalsantafesino.com.ar\/sudeste\/wp-content\/uploads\/sites\/6\/2022\/12\/d87ce9de-a39d-4a3f-a32c-f61f7cd07f2e.jpg","jetpack_publicize_connections":[],"_links":{"self":[{"href":"http:\/\/enteculturalsantafesino.com.ar\/sudeste\/wp-json\/wp\/v2\/posts\/875"}],"collection":[{"href":"http:\/\/enteculturalsantafesino.com.ar\/sudeste\/wp-json\/wp\/v2\/posts"}],"about":[{"href":"http:\/\/enteculturalsantafesino.com.ar\/sudeste\/wp-json\/wp\/v2\/types\/post"}],"author":[{"embeddable":true,"href":"http:\/\/enteculturalsantafesino.com.ar\/sudeste\/wp-json\/wp\/v2\/users\/3"}],"replies":[{"embeddable":true,"href":"http:\/\/enteculturalsantafesino.com.ar\/sudeste\/wp-json\/wp\/v2\/comments?post=875"}],"version-history":[{"count":2,"href":"http:\/\/enteculturalsantafesino.com.ar\/sudeste\/wp-json\/wp\/v2\/posts\/875\/revisions"}],"predecessor-version":[{"id":878,"href":"http:\/\/enteculturalsantafesino.com.ar\/sudeste\/wp-json\/wp\/v2\/posts\/875\/revisions\/878"}],"wp:featuredmedia":[{"embeddable":true,"href":"http:\/\/enteculturalsantafesino.com.ar\/sudeste\/wp-json\/wp\/v2\/media\/876"}],"wp:attachment":[{"href":"http:\/\/enteculturalsantafesino.com.ar\/sudeste\/wp-json\/wp\/v2\/media?parent=875"}],"wp:term":[{"taxonomy":"category","embeddable":true,"href":"http:\/\/enteculturalsantafesino.com.ar\/sudeste\/wp-json\/wp\/v2\/categories?post=875"},{"taxonomy":"post_tag","embeddable":true,"href":"http:\/\/enteculturalsantafesino.com.ar\/sudeste\/wp-json\/wp\/v2\/tags?post=875"}],"curies":[{"name":"wp","href":"https:\/\/api.w.org\/{rel}","templated":true}]}}