{"id":934,"date":"2023-01-26T11:32:40","date_gmt":"2023-01-26T14:32:40","guid":{"rendered":"http:\/\/enteculturalsantafesino.com.ar\/sudeste\/?p=934"},"modified":"2023-01-26T11:35:02","modified_gmt":"2023-01-26T14:35:02","slug":"la-muestra-del-belvillense-carlos-lopez-alvarez-visito-cruz-alta","status":"publish","type":"post","link":"http:\/\/enteculturalsantafesino.com.ar\/sudeste\/2023\/01\/26\/la-muestra-del-belvillense-carlos-lopez-alvarez-visito-cruz-alta\/","title":{"rendered":"La muestra del belvillense Carlos L\u00f3pez \u00c1lvarez visit\u00f3 Cruz Alta"},"content":{"rendered":"\n<p>En la sede de <strong>Casa de la Cultura<\/strong> desde el <strong>lunes<\/strong> <strong>16 al miercoles 25 de enero<\/strong> se expuso  la Muestra art\u00edstica&nbsp;<strong>\u201cLo que vendr\u00e1\u201d&nbsp;<\/strong>del artista pl\u00e1stico bellvillense&nbsp;<strong>Carlos L\u00f3pez \u00c1lvarez .<\/strong><\/p>\n\n\n\n<p>Dicha propuesta llega de la mano del&nbsp;<strong>Ente Cultural Cordob\u00e9s&nbsp;<\/strong>a trav\u00e9s del programa&nbsp;<strong>\u00abCompartiendo Cultura\u00bb<\/strong>&nbsp;y se encuentra visitando las distintas comunidades del sudeste cordob\u00e9s.<\/p>\n\n\n\n<p><strong>\u201cCompartiendo Cultura\u201d<\/strong><\/p>\n\n\n\n<p>Dicho programa posee la finalidad de intercambiar e interaccionar propuestas art\u00edsticas pertenecientes a las comunidades que integran dicho espacio cultural; jerarquizando y promoviendo la red social, cultural y de inclusi\u00f3n de los m\u00faltiples artistas cordobeses.<\/p>\n\n\n\n<p>La muestra retrospectiva art\u00edstico pacifista del artista se compone de im\u00e1genes inquietantes, que denuncia la locura de las guerras, la violencia e intolerancia, y las ambiciones desmedidas del ser humano.<\/p>\n\n\n\n<p>El artista pl\u00e1stico indic\u00f3 que la muestra en su totalidad se hizo en un contexto que se repiten en el marco actual internacional ya sea por la guerra y la contaminaci\u00f3n.<\/p>\n\n\n\n<p>La <strong>Prof. Flavia Pesci, responsable de la Secretaria de Cultura de Cruz Alta<\/strong> manifest\u00f3 su satisfacci\u00f3n de seguir generando acciones en forma conjunta con el Ente Cultural Cordob\u00e9s, permitiendo fortalecer la red de trabajo en pol\u00edticas culturales, dentro de la regi\u00f3n del sudeste cordob\u00e9s<\/p>\n","protected":false},"excerpt":{"rendered":"<p>En la sede de Casa de la Cultura desde el lunes 16 al miercoles 25 de enero [&hellip;]<\/p>\n","protected":false},"author":3,"featured_media":935,"comment_status":"open","ping_status":"open","sticky":false,"template":"","format":"standard","meta":{"spay_email":"","footnotes":"","jetpack_publicize_message":""},"categories":[10,9,6],"tags":[],"class_list":["post-934","post","type-post","status-publish","format-standard","has-post-thumbnail","hentry","category-bell-ville","category-cruz-alta","category-ecsc"],"jetpack_featured_media_url":"http:\/\/enteculturalsantafesino.com.ar\/sudeste\/wp-content\/uploads\/sites\/6\/2023\/01\/cfe7cd49-9303-4cc4-9e49-8d5603f61722.jpg","jetpack_publicize_connections":[],"_links":{"self":[{"href":"http:\/\/enteculturalsantafesino.com.ar\/sudeste\/wp-json\/wp\/v2\/posts\/934"}],"collection":[{"href":"http:\/\/enteculturalsantafesino.com.ar\/sudeste\/wp-json\/wp\/v2\/posts"}],"about":[{"href":"http:\/\/enteculturalsantafesino.com.ar\/sudeste\/wp-json\/wp\/v2\/types\/post"}],"author":[{"embeddable":true,"href":"http:\/\/enteculturalsantafesino.com.ar\/sudeste\/wp-json\/wp\/v2\/users\/3"}],"replies":[{"embeddable":true,"href":"http:\/\/enteculturalsantafesino.com.ar\/sudeste\/wp-json\/wp\/v2\/comments?post=934"}],"version-history":[{"count":2,"href":"http:\/\/enteculturalsantafesino.com.ar\/sudeste\/wp-json\/wp\/v2\/posts\/934\/revisions"}],"predecessor-version":[{"id":937,"href":"http:\/\/enteculturalsantafesino.com.ar\/sudeste\/wp-json\/wp\/v2\/posts\/934\/revisions\/937"}],"wp:featuredmedia":[{"embeddable":true,"href":"http:\/\/enteculturalsantafesino.com.ar\/sudeste\/wp-json\/wp\/v2\/media\/935"}],"wp:attachment":[{"href":"http:\/\/enteculturalsantafesino.com.ar\/sudeste\/wp-json\/wp\/v2\/media?parent=934"}],"wp:term":[{"taxonomy":"category","embeddable":true,"href":"http:\/\/enteculturalsantafesino.com.ar\/sudeste\/wp-json\/wp\/v2\/categories?post=934"},{"taxonomy":"post_tag","embeddable":true,"href":"http:\/\/enteculturalsantafesino.com.ar\/sudeste\/wp-json\/wp\/v2\/tags?post=934"}],"curies":[{"name":"wp","href":"https:\/\/api.w.org\/{rel}","templated":true}]}}