{"id":939,"date":"2023-02-07T13:26:09","date_gmt":"2023-02-07T16:26:09","guid":{"rendered":"http:\/\/enteculturalsantafesino.com.ar\/sudeste\/?p=939"},"modified":"2023-02-07T13:26:13","modified_gmt":"2023-02-07T16:26:13","slug":"monte-buey-expone-arte-en-pelotas-y-campeones","status":"publish","type":"post","link":"http:\/\/enteculturalsantafesino.com.ar\/sudeste\/2023\/02\/07\/monte-buey-expone-arte-en-pelotas-y-campeones\/","title":{"rendered":"Monte Buey expone &#8220;Arte en Pelotas&#8221; y &#8220;Campeones&#8221;"},"content":{"rendered":"\n<p>El <strong>viernes 3 de febrero <\/strong>en la<strong> Sala &#8220;Luis P\u00e1nigo&#8221;<\/strong> se inauguraron las muestras itinerantes<strong> &#8220;Arte en Pelotas&#8221;<\/strong> y<strong> &#8220;Campeones&#8221;<\/strong><\/p>\n\n\n\n<p><strong>\u00abArte en Pelotas\u00bb<\/strong><\/p>\n\n\n\n<p>Dicho programa fue generado desde los&nbsp;<strong>Entes Culturales Santafesino y Cordob\u00e9s,&nbsp;<\/strong>durante el 2022, exponiendo un centenar de obras de arte sobre balones de futbol, originados desde comunidades santafesinas y del sudeste cordob\u00e9s.<\/p>\n\n\n\n<p>La muestra fue presentada en la&nbsp;<strong>Asociaci\u00f3n del F\u00fatbol Argentino (AFA)<\/strong>&nbsp;y en la<strong>&nbsp;XIX Fiesta Nacional de Pelota&nbsp;<\/strong>(Bell Ville), iniciando su recorrido por las comunidades adheridas a los Entes Culturales.<\/p>\n\n\n\n<p><em>El programa&nbsp;<strong>\u00abArte en Pelotas\u00bb<\/strong>&nbsp;consiste en la intervenci\u00f3n art\u00edstica sobre pelotas de f\u00fatbol, las cuales son pintadas en forma colectiva o individual. En dicha producci\u00f3n se refleja la idiosincrasia, el paisaje, la historia y el esp\u00edritu deportivo de cada comunidad participante.<\/em><\/p>\n\n\n\n<p><strong>\u00abCampeones\u00bb<\/strong><\/p>\n\n\n\n<p>El nuevo a\u00f1o incluye dentro de dicha muestra itinerante a los<strong>&nbsp;\u00abCampeones Mundiales 2022\u00bb&nbsp;<\/strong>. Dicha propuesta impulsada por el&nbsp;<strong>Ente Cultural Santafesino<\/strong>, inspir\u00f3 al&nbsp;<strong>Ente Cultural Cordob\u00e9s<\/strong>&nbsp;a sumarse y generar a los mundialistas de la provincia mediterr\u00e1nea a trav\u00e9s de las obras del artista&nbsp;<strong>Alfredo Blanco (Alfy)<\/strong>.<\/p>\n\n\n\n<p><strong>Alfredo Blanco<\/strong>,&nbsp;<em>m\u00e9dico pediatra, creador de caricaturas, ilustraciones y publicidades. Autor del \u00abDiego Alado\u00bb. Habitante del barrio de Villa Celina.<\/em><\/p>\n\n\n\n<p><strong>Muestra \u201cCampeones\u201d \u2013 ( Santa Fe \u2013 C\u00f3rdoba)<\/strong><\/p>\n\n\n\n<p>C\u00e9sar Menotti (Rosario), Daniel Killer (Rosario), Sergio Almir\u00f3n (Rosario), Leopoldo Luque (Santa Fe), Pedro Pasculli (Santa Fe), N\u00e9stor Clausen (Arruf\u00f3-Vilada), Ricardo Giusti (Albarellos) Nery Pumpido (Monje), H\u00e9ctor Zelada (Maciel), Jorge Valdano (Las Parejas), Marcelo Trobiani (Casilda).<\/p>\n\n\n\n<p><strong>Campeones 2022:&nbsp;<\/strong>Lionel Messi (Rosario), \u00c1ngel Di Maria (Rosario), Lionel Scaloni (Pujato), \u00c1ngel Correa (Rosario) y Franco Armani (Casilda).<\/p>\n\n\n\n<p>La provincia mediterr\u00e1nea dio seis&nbsp;<strong>Campeones del Mundo<\/strong>:&nbsp;<em>Osvaldo Ardiles (C\u00f3rdoba), Mario Alberto Kempes (Bell Ville) , Jos\u00e9 Luis Cucciufo (C\u00f3rdoba), Oscar Ruggeri (Corral de Bustos), Am\u00e9rico Rub\u00e9n Gallego (Morteros), Miguel Oviedo (C\u00f3rdoba) y tres jugadores fueron adoptados por la docta: Luis Galv\u00e1n (Santiago del Estero), H\u00e9ctor Baley (Ingeniero White) y Jos\u00e9 Daniel Valencia (San Salvador del Jujuy<\/em>).<\/p>\n\n\n\n<p><strong>\u00abCampeones 2022\u00bb<\/strong>:<em>Nahuel Molina (Embalse), Paulo Dybala (Laguna Larga), Cristian \u201cCuti\u201d Romero (C\u00f3rdoba Capital), Juli\u00e1n \u00c1lvarez (Calch\u00edn) y Pablo Aimar (R\u00edo Cuarto).<\/em><\/p>\n","protected":false},"excerpt":{"rendered":"<p>El viernes 3 de febrero en la Sala &#8220;Luis P\u00e1nigo&#8221; se inauguraron las muestras itinerantes &#8220;Arte en [&hellip;]<\/p>\n","protected":false},"author":3,"featured_media":940,"comment_status":"open","ping_status":"open","sticky":false,"template":"","format":"standard","meta":{"spay_email":"","footnotes":"","jetpack_publicize_message":""},"categories":[6,17],"tags":[],"class_list":["post-939","post","type-post","status-publish","format-standard","has-post-thumbnail","hentry","category-ecsc","category-monte-buey"],"jetpack_featured_media_url":"http:\/\/enteculturalsantafesino.com.ar\/sudeste\/wp-content\/uploads\/sites\/6\/2023\/02\/325923245_583516349954718_8771480477691122194_n.jpg","jetpack_publicize_connections":[],"_links":{"self":[{"href":"http:\/\/enteculturalsantafesino.com.ar\/sudeste\/wp-json\/wp\/v2\/posts\/939"}],"collection":[{"href":"http:\/\/enteculturalsantafesino.com.ar\/sudeste\/wp-json\/wp\/v2\/posts"}],"about":[{"href":"http:\/\/enteculturalsantafesino.com.ar\/sudeste\/wp-json\/wp\/v2\/types\/post"}],"author":[{"embeddable":true,"href":"http:\/\/enteculturalsantafesino.com.ar\/sudeste\/wp-json\/wp\/v2\/users\/3"}],"replies":[{"embeddable":true,"href":"http:\/\/enteculturalsantafesino.com.ar\/sudeste\/wp-json\/wp\/v2\/comments?post=939"}],"version-history":[{"count":1,"href":"http:\/\/enteculturalsantafesino.com.ar\/sudeste\/wp-json\/wp\/v2\/posts\/939\/revisions"}],"predecessor-version":[{"id":941,"href":"http:\/\/enteculturalsantafesino.com.ar\/sudeste\/wp-json\/wp\/v2\/posts\/939\/revisions\/941"}],"wp:featuredmedia":[{"embeddable":true,"href":"http:\/\/enteculturalsantafesino.com.ar\/sudeste\/wp-json\/wp\/v2\/media\/940"}],"wp:attachment":[{"href":"http:\/\/enteculturalsantafesino.com.ar\/sudeste\/wp-json\/wp\/v2\/media?parent=939"}],"wp:term":[{"taxonomy":"category","embeddable":true,"href":"http:\/\/enteculturalsantafesino.com.ar\/sudeste\/wp-json\/wp\/v2\/categories?post=939"},{"taxonomy":"post_tag","embeddable":true,"href":"http:\/\/enteculturalsantafesino.com.ar\/sudeste\/wp-json\/wp\/v2\/tags?post=939"}],"curies":[{"name":"wp","href":"https:\/\/api.w.org\/{rel}","templated":true}]}}