{"id":943,"date":"2023-02-28T19:50:17","date_gmt":"2023-02-28T22:50:17","guid":{"rendered":"http:\/\/enteculturalsantafesino.com.ar\/sudeste\/?p=943"},"modified":"2023-02-28T19:50:21","modified_gmt":"2023-02-28T22:50:21","slug":"cintra-inauguro-las-muestras-arte-en-pelotas-y-campeones","status":"publish","type":"post","link":"http:\/\/enteculturalsantafesino.com.ar\/sudeste\/2023\/02\/28\/cintra-inauguro-las-muestras-arte-en-pelotas-y-campeones\/","title":{"rendered":"Cintra inaugur\u00f3 las muestras \u201cArte en Pelotas\u201d y \u201cCampeones\u201d"},"content":{"rendered":"\n<p>Este <strong>martes 28 de febrero <\/strong>hasta el <strong>lunes 6 de marzo <\/strong>en el <strong>Edificio Municipal<\/strong>\u00a0se inauguraron las muestras itinerantes<strong>\u00a0\u201cArte en Pelotas\u201d<\/strong>\u00a0y<strong>\u00a0\u201cCampeones\u201d<\/strong><\/p>\n\n\n\n<p><strong>\u00abArte en Pelotas\u00bb<\/strong><\/p>\n\n\n\n<p>Dicho programa fue generado desde los&nbsp;<strong>Entes Culturales Santafesino y Cordob\u00e9s,&nbsp;<\/strong>durante el 2022, exponiendo un centenar de obras de arte sobre balones de futbol, originados desde comunidades santafesinas y del sudeste cordob\u00e9s.<\/p>\n\n\n\n<p>La muestra fue presentada en la&nbsp;<strong>Asociaci\u00f3n del F\u00fatbol Argentino (AFA)<\/strong>&nbsp;y en la<strong>&nbsp;XIX Fiesta Nacional de Pelota&nbsp;<\/strong>(Bell Ville), iniciando su recorrido por las comunidades adheridas a los Entes Culturales.<\/p>\n\n\n\n<p><em>El programa\u00a0<strong>\u00abArte en Pelotas\u00bb<\/strong>\u00a0consiste en la intervenci\u00f3n art\u00edstica sobre pelotas de f\u00fatbol, las cuales son pintadas en forma colectiva o individual. En dicha producci\u00f3n se refleja la idiosincrasia, el paisaje, la historia y el esp\u00edritu deportivo de cada comunidad participante.<\/em><\/p>\n\n\n\n<figure class=\"wp-block-gallery columns-3 is-cropped wp-block-gallery-1 is-layout-flex wp-block-gallery-is-layout-flex\"><ul class=\"blocks-gallery-grid\"><li class=\"blocks-gallery-item\"><figure><img loading=\"lazy\" decoding=\"async\" width=\"1024\" height=\"576\" src=\"http:\/\/enteculturalsantafesino.com.ar\/sudeste\/wp-content\/uploads\/sites\/6\/2023\/02\/94089e47-aaee-4e81-8d27-6c20b3f1b770-1024x576.jpg\" alt=\"\" data-id=\"944\" data-full-url=\"http:\/\/enteculturalsantafesino.com.ar\/sudeste\/wp-content\/uploads\/sites\/6\/2023\/02\/94089e47-aaee-4e81-8d27-6c20b3f1b770.jpg\" data-link=\"http:\/\/enteculturalsantafesino.com.ar\/sudeste\/?attachment_id=944\" class=\"wp-image-944\" srcset=\"http:\/\/enteculturalsantafesino.com.ar\/sudeste\/wp-content\/uploads\/sites\/6\/2023\/02\/94089e47-aaee-4e81-8d27-6c20b3f1b770-1024x576.jpg 1024w, http:\/\/enteculturalsantafesino.com.ar\/sudeste\/wp-content\/uploads\/sites\/6\/2023\/02\/94089e47-aaee-4e81-8d27-6c20b3f1b770-300x169.jpg 300w, http:\/\/enteculturalsantafesino.com.ar\/sudeste\/wp-content\/uploads\/sites\/6\/2023\/02\/94089e47-aaee-4e81-8d27-6c20b3f1b770-768x432.jpg 768w, http:\/\/enteculturalsantafesino.com.ar\/sudeste\/wp-content\/uploads\/sites\/6\/2023\/02\/94089e47-aaee-4e81-8d27-6c20b3f1b770-1536x864.jpg 1536w, http:\/\/enteculturalsantafesino.com.ar\/sudeste\/wp-content\/uploads\/sites\/6\/2023\/02\/94089e47-aaee-4e81-8d27-6c20b3f1b770.jpg 1600w\" sizes=\"(max-width: 1024px) 100vw, 1024px\" \/><\/figure><\/li><li class=\"blocks-gallery-item\"><figure><img loading=\"lazy\" decoding=\"async\" width=\"576\" height=\"1024\" src=\"http:\/\/enteculturalsantafesino.com.ar\/sudeste\/wp-content\/uploads\/sites\/6\/2023\/02\/f4191ea9-5b65-42f0-a4bf-95fd30737857-576x1024.jpg\" alt=\"\" data-id=\"948\" data-full-url=\"http:\/\/enteculturalsantafesino.com.ar\/sudeste\/wp-content\/uploads\/sites\/6\/2023\/02\/f4191ea9-5b65-42f0-a4bf-95fd30737857.jpg\" data-link=\"http:\/\/enteculturalsantafesino.com.ar\/sudeste\/?attachment_id=948\" class=\"wp-image-948\" srcset=\"http:\/\/enteculturalsantafesino.com.ar\/sudeste\/wp-content\/uploads\/sites\/6\/2023\/02\/f4191ea9-5b65-42f0-a4bf-95fd30737857-576x1024.jpg 576w, http:\/\/enteculturalsantafesino.com.ar\/sudeste\/wp-content\/uploads\/sites\/6\/2023\/02\/f4191ea9-5b65-42f0-a4bf-95fd30737857-169x300.jpg 169w, http:\/\/enteculturalsantafesino.com.ar\/sudeste\/wp-content\/uploads\/sites\/6\/2023\/02\/f4191ea9-5b65-42f0-a4bf-95fd30737857-768x1365.jpg 768w, http:\/\/enteculturalsantafesino.com.ar\/sudeste\/wp-content\/uploads\/sites\/6\/2023\/02\/f4191ea9-5b65-42f0-a4bf-95fd30737857-864x1536.jpg 864w, http:\/\/enteculturalsantafesino.com.ar\/sudeste\/wp-content\/uploads\/sites\/6\/2023\/02\/f4191ea9-5b65-42f0-a4bf-95fd30737857.jpg 900w\" sizes=\"(max-width: 576px) 100vw, 576px\" \/><\/figure><\/li><li class=\"blocks-gallery-item\"><figure><img loading=\"lazy\" decoding=\"async\" width=\"1024\" height=\"576\" src=\"http:\/\/enteculturalsantafesino.com.ar\/sudeste\/wp-content\/uploads\/sites\/6\/2023\/02\/94089e47-aaee-4e81-8d27-6c20b3f1b770-1-1024x576.jpg\" alt=\"\" data-id=\"950\" data-full-url=\"http:\/\/enteculturalsantafesino.com.ar\/sudeste\/wp-content\/uploads\/sites\/6\/2023\/02\/94089e47-aaee-4e81-8d27-6c20b3f1b770-1.jpg\" data-link=\"http:\/\/enteculturalsantafesino.com.ar\/sudeste\/?attachment_id=950\" class=\"wp-image-950\" srcset=\"http:\/\/enteculturalsantafesino.com.ar\/sudeste\/wp-content\/uploads\/sites\/6\/2023\/02\/94089e47-aaee-4e81-8d27-6c20b3f1b770-1-1024x576.jpg 1024w, http:\/\/enteculturalsantafesino.com.ar\/sudeste\/wp-content\/uploads\/sites\/6\/2023\/02\/94089e47-aaee-4e81-8d27-6c20b3f1b770-1-300x169.jpg 300w, http:\/\/enteculturalsantafesino.com.ar\/sudeste\/wp-content\/uploads\/sites\/6\/2023\/02\/94089e47-aaee-4e81-8d27-6c20b3f1b770-1-768x432.jpg 768w, http:\/\/enteculturalsantafesino.com.ar\/sudeste\/wp-content\/uploads\/sites\/6\/2023\/02\/94089e47-aaee-4e81-8d27-6c20b3f1b770-1-1536x864.jpg 1536w, http:\/\/enteculturalsantafesino.com.ar\/sudeste\/wp-content\/uploads\/sites\/6\/2023\/02\/94089e47-aaee-4e81-8d27-6c20b3f1b770-1.jpg 1600w\" sizes=\"(max-width: 1024px) 100vw, 1024px\" \/><\/figure><\/li><\/ul><\/figure>\n\n\n\n<p><strong>\u00abCampeones\u00bb<\/strong><\/p>\n\n\n\n<p>El nuevo a\u00f1o incluye dentro de dicha muestra itinerante a los<strong>&nbsp;\u00abCampeones Mundiales 2022\u00bb&nbsp;<\/strong>. Dicha propuesta impulsada por el&nbsp;<strong>Ente Cultural Santafesino<\/strong>, inspir\u00f3 al&nbsp;<strong>Ente Cultural Cordob\u00e9s<\/strong>&nbsp;a sumarse y generar a los mundialistas de la provincia mediterr\u00e1nea a trav\u00e9s de las obras del artista&nbsp;<strong>Alfredo Blanco (Alfy)<\/strong>.<\/p>\n\n\n\n<p><strong>Alfredo Blanco<\/strong>,&nbsp;<em>m\u00e9dico pediatra, creador de caricaturas, ilustraciones y publicidades. Autor del \u00abDiego Alado\u00bb. Habitante del barrio de Villa Celina.<\/em><\/p>\n\n\n\n<p><strong>Muestra \u201cCampeones\u201d \u2013 ( Santa Fe \u2013 C\u00f3rdoba)<\/strong><\/p>\n\n\n\n<p>C\u00e9sar Menotti (Rosario), Daniel Killer (Rosario), Sergio Almir\u00f3n (Rosario), Leopoldo Luque (Santa Fe), Pedro Pasculli (Santa Fe), N\u00e9stor Clausen (Arruf\u00f3-Vilada), Ricardo Giusti (Albarellos) Nery Pumpido (Monje), H\u00e9ctor Zelada (Maciel), Jorge Valdano (Las Parejas), Marcelo Trobiani (Casilda).<\/p>\n\n\n\n<p><strong>Campeones 2022:&nbsp;<\/strong>Lionel Messi (Rosario), \u00c1ngel Di Maria (Rosario), Lionel Scaloni (Pujato), \u00c1ngel Correa (Rosario) y Franco Armani (Casilda).<\/p>\n\n\n\n<p>La provincia mediterr\u00e1nea dio seis&nbsp;<strong>Campeones del Mundo<\/strong>:&nbsp;<em>Osvaldo Ardiles (C\u00f3rdoba), Mario Alberto Kempes (Bell Ville) , Jos\u00e9 Luis Cucciufo (C\u00f3rdoba), Oscar Ruggeri (Corral de Bustos), Am\u00e9rico Rub\u00e9n Gallego (Morteros), Miguel Oviedo (C\u00f3rdoba) y tres jugadores fueron adoptados por la docta: Luis Galv\u00e1n (Santiago del Estero), H\u00e9ctor Baley (Ingeniero White) y Jos\u00e9 Daniel Valencia (San Salvador del Jujuy<\/em>).<\/p>\n\n\n\n<p><strong>\u00abCampeones 2022\u00bb<\/strong>:<em>Nahuel Molina (Embalse), Paulo Dybala (Laguna Larga), Cristian \u201cCuti\u201d Romero (C\u00f3rdoba Capital), Juli\u00e1n \u00c1lvarez (Calch\u00edn) y Pablo Aimar (R\u00edo Cuarto).<\/em><\/p>\n","protected":false},"excerpt":{"rendered":"<p>Este martes 28 de febrero hasta el lunes 6 de marzo en el Edificio Municipal\u00a0se inauguraron las [&hellip;]<\/p>\n","protected":false},"author":3,"featured_media":944,"comment_status":"open","ping_status":"open","sticky":false,"template":"","format":"standard","meta":{"spay_email":"","footnotes":"","jetpack_publicize_message":""},"categories":[11,6],"tags":[],"class_list":["post-943","post","type-post","status-publish","format-standard","has-post-thumbnail","hentry","category-cintra","category-ecsc"],"jetpack_featured_media_url":"http:\/\/enteculturalsantafesino.com.ar\/sudeste\/wp-content\/uploads\/sites\/6\/2023\/02\/94089e47-aaee-4e81-8d27-6c20b3f1b770.jpg","jetpack_publicize_connections":[],"_links":{"self":[{"href":"http:\/\/enteculturalsantafesino.com.ar\/sudeste\/wp-json\/wp\/v2\/posts\/943"}],"collection":[{"href":"http:\/\/enteculturalsantafesino.com.ar\/sudeste\/wp-json\/wp\/v2\/posts"}],"about":[{"href":"http:\/\/enteculturalsantafesino.com.ar\/sudeste\/wp-json\/wp\/v2\/types\/post"}],"author":[{"embeddable":true,"href":"http:\/\/enteculturalsantafesino.com.ar\/sudeste\/wp-json\/wp\/v2\/users\/3"}],"replies":[{"embeddable":true,"href":"http:\/\/enteculturalsantafesino.com.ar\/sudeste\/wp-json\/wp\/v2\/comments?post=943"}],"version-history":[{"count":1,"href":"http:\/\/enteculturalsantafesino.com.ar\/sudeste\/wp-json\/wp\/v2\/posts\/943\/revisions"}],"predecessor-version":[{"id":951,"href":"http:\/\/enteculturalsantafesino.com.ar\/sudeste\/wp-json\/wp\/v2\/posts\/943\/revisions\/951"}],"wp:featuredmedia":[{"embeddable":true,"href":"http:\/\/enteculturalsantafesino.com.ar\/sudeste\/wp-json\/wp\/v2\/media\/944"}],"wp:attachment":[{"href":"http:\/\/enteculturalsantafesino.com.ar\/sudeste\/wp-json\/wp\/v2\/media?parent=943"}],"wp:term":[{"taxonomy":"category","embeddable":true,"href":"http:\/\/enteculturalsantafesino.com.ar\/sudeste\/wp-json\/wp\/v2\/categories?post=943"},{"taxonomy":"post_tag","embeddable":true,"href":"http:\/\/enteculturalsantafesino.com.ar\/sudeste\/wp-json\/wp\/v2\/tags?post=943"}],"curies":[{"name":"wp","href":"https:\/\/api.w.org\/{rel}","templated":true}]}}