{"id":10104,"date":"2013-06-03T14:13:20","date_gmt":"2013-06-03T14:13:20","guid":{"rendered":"http:\/\/entecultura.com.ar\/usina1\/?p=10104"},"modified":"2013-06-03T14:20:58","modified_gmt":"2013-06-03T14:20:58","slug":"el-delirio-y-la-lluvia-llega-a-canada-de-gomez-y-correa","status":"publish","type":"post","link":"http:\/\/enteculturalsantafesino.com.ar\/usina1\/2013\/06\/el-delirio-y-la-lluvia-llega-a-canada-de-gomez-y-correa\/","title":{"rendered":"\u00abEl Delirio y la lluvia\u00bb llega a Ca\u00f1ada de G\u00f3mez y Correa"},"content":{"rendered":"<p>Con el auspicio\u00a0 y\u00a0 coordinaci\u00f3n del <b><i>Ente Cultural<\/i><\/b> contin\u00faa la Gira Provincial\u00a0 de la<a href=\"http:\/\/enteculturalsantafesino.com.ar\/usina1\/wp-content\/uploads\/2013\/05\/Belgrano-Ente.jpg\" rel=\"lightbox[10104]\"><img loading=\"lazy\" decoding=\"async\" class=\"alignright size-medium wp-image-9880\" alt=\"Belgrano Ente!\" src=\"http:\/\/enteculturalsantafesino.com.ar\/usina1\/wp-content\/uploads\/2013\/05\/Belgrano-Ente-300x182.jpg\" width=\"300\" height=\"182\" srcset=\"http:\/\/enteculturalsantafesino.com.ar\/usina1\/wp-content\/uploads\/2013\/05\/Belgrano-Ente-300x182.jpg 300w, http:\/\/enteculturalsantafesino.com.ar\/usina1\/wp-content\/uploads\/2013\/05\/Belgrano-Ente.jpg 850w\" sizes=\"(max-width: 300px) 100vw, 300px\" \/><\/a><\/p>\n<p>obra teatral <b>\u201cEl Delirio y la Lluvia\u201d<\/b>, unipersonal sobre la vida del General Manuel Belgrano.<\/p>\n<p>Bajo la direcci\u00f3n de <b><i>Carlos Romagnoli<\/i><\/b> nos cuenta que quiere, a trav\u00e9s de la obra, crear un retrato de este pr\u00f3cer que luch\u00f3 contra todo para cumplir el sue\u00f1o de su Naci\u00f3n. \u201cBusca mostrar al hombre en toda su tenacidad, en toda su gloria y en toda su miseria\u201d. La obra empieza cuando Belgrano acaba de morir, el tiempo que hay sobre el sue\u00f1o definitivo y la vigilia previa. En ese momento hace un recorrido de su vida, con lo bueno, lo malo, lo feliz y lo triste que vivi\u00f3 para conseguir lo que quer\u00eda.<\/p>\n<p>Con una excelente actuaci\u00f3n de <b><i>Diego Bollero<\/i><\/b> este unipersonal se prepara para recorrer las distintas localidades que integran las Usinas Culturales del Ente Cultural.<\/p>\n<p>Este <strong>jueves 6<\/strong> se presentar\u00e1 en el <strong>Teatro Cervantes de Ca\u00f1ada de G\u00f3mez<\/strong> <strong>a partir de las 10:30<\/strong> y el <strong>Viernes 7 en el SUM Villa \u00c1ngela a las 10hs<\/strong> con\u00a0los \u00a0auspicios de la <strong><i>Comuna de Correa y Municipalidad de Ca\u00f1ada de G\u00f3mez<\/i>\u00a0<\/strong>continuando con el\u00a0recorrido de esta ruta cultural trazada por el Ente Cultural.<\/p>\n<p>&nbsp;<\/p>\n","protected":false},"excerpt":{"rendered":"<p>Con el auspicio\u00a0 y\u00a0 coordinaci\u00f3n del Ente Cultural contin\u00faa la Gira Provincial\u00a0 de la obra teatral \u201cEl [&hellip;]<\/p>\n","protected":false},"author":3,"featured_media":9880,"comment_status":"closed","ping_status":"closed","sticky":false,"template":"","format":"standard","meta":{"_jetpack_memberships_contains_paid_content":false,"footnotes":"","jetpack_publicize_message":"","jetpack_publicize_feature_enabled":true,"jetpack_social_post_already_shared":false,"jetpack_social_options":{"image_generator_settings":{"template":"highway","enabled":false}}},"categories":[11,21,38],"tags":[],"jetpack_publicize_connections":[],"jetpack_sharing_enabled":true,"jetpack_featured_media_url":"http:\/\/enteculturalsantafesino.com.ar\/usina1\/wp-content\/uploads\/2013\/05\/Belgrano-Ente.jpg","_links":{"self":[{"href":"http:\/\/enteculturalsantafesino.com.ar\/usina1\/wp-json\/wp\/v2\/posts\/10104"}],"collection":[{"href":"http:\/\/enteculturalsantafesino.com.ar\/usina1\/wp-json\/wp\/v2\/posts"}],"about":[{"href":"http:\/\/enteculturalsantafesino.com.ar\/usina1\/wp-json\/wp\/v2\/types\/post"}],"author":[{"embeddable":true,"href":"http:\/\/enteculturalsantafesino.com.ar\/usina1\/wp-json\/wp\/v2\/users\/3"}],"replies":[{"embeddable":true,"href":"http:\/\/enteculturalsantafesino.com.ar\/usina1\/wp-json\/wp\/v2\/comments?post=10104"}],"version-history":[{"count":0,"href":"http:\/\/enteculturalsantafesino.com.ar\/usina1\/wp-json\/wp\/v2\/posts\/10104\/revisions"}],"wp:featuredmedia":[{"embeddable":true,"href":"http:\/\/enteculturalsantafesino.com.ar\/usina1\/wp-json\/wp\/v2\/media\/9880"}],"wp:attachment":[{"href":"http:\/\/enteculturalsantafesino.com.ar\/usina1\/wp-json\/wp\/v2\/media?parent=10104"}],"wp:term":[{"taxonomy":"category","embeddable":true,"href":"http:\/\/enteculturalsantafesino.com.ar\/usina1\/wp-json\/wp\/v2\/categories?post=10104"},{"taxonomy":"post_tag","embeddable":true,"href":"http:\/\/enteculturalsantafesino.com.ar\/usina1\/wp-json\/wp\/v2\/tags?post=10104"}],"curies":[{"name":"wp","href":"https:\/\/api.w.org\/{rel}","templated":true}]}}