{"id":10294,"date":"2013-06-17T10:57:47","date_gmt":"2013-06-17T10:57:47","guid":{"rendered":"http:\/\/entecultura.com.ar\/usina1\/?p=10294"},"modified":"2013-06-17T10:57:47","modified_gmt":"2013-06-17T10:57:47","slug":"san-genaro-pena-en-celeste-y-blanco-3","status":"publish","type":"post","link":"http:\/\/enteculturalsantafesino.com.ar\/usina1\/2013\/06\/san-genaro-pena-en-celeste-y-blanco-3\/","title":{"rendered":"San Genaro: Pe\u00f1a en Celeste y Blanco"},"content":{"rendered":"<p>Este Jueves 20 de Junio a partir de las 14:30 hs en la Plaza Gral. San Mart\u00edn festejamos el<a href=\"http:\/\/enteculturalsantafesino.com.ar\/usina1\/wp-content\/uploads\/2013\/06\/celeste-y-blanco.jpg\" rel=\"lightbox[10294]\"><img loading=\"lazy\" decoding=\"async\" class=\"alignright size-medium wp-image-10295\" alt=\"celeste y blanco\" src=\"http:\/\/enteculturalsantafesino.com.ar\/usina1\/wp-content\/uploads\/2013\/06\/celeste-y-blanco-300x198.jpg\" width=\"300\" height=\"198\" srcset=\"http:\/\/enteculturalsantafesino.com.ar\/usina1\/wp-content\/uploads\/2013\/06\/celeste-y-blanco-300x198.jpg 300w, http:\/\/enteculturalsantafesino.com.ar\/usina1\/wp-content\/uploads\/2013\/06\/celeste-y-blanco.jpg 726w\" sizes=\"(max-width: 300px) 100vw, 300px\" \/><\/a><\/p>\n<p>D\u00eda de la Bandera Nacional.<\/p>\n<p>Te invitamos a disfrutar de los distintos shows de nuestros artistas locales, ven\u00ed, particip\u00e1 y proba las delicias de los artesanos sangenarinos. Adem\u00e1s habr\u00e1 chocolatada para todos los chicos.<\/p>\n<p>El evento es organizado por la Coordinaci\u00f3n de Cultura y la Coordinaci\u00f3n de Producci\u00f3n de la Municipalidad de San Genaro. Este 20 de Junio festejamos el D\u00eda de la Bandera Nacional con orgullo y alegr\u00eda, los esperamos a todos<\/p>\n","protected":false},"excerpt":{"rendered":"<p>Este Jueves 20 de Junio a partir de las 14:30 hs en la Plaza Gral. San Mart\u00edn [&hellip;]<\/p>\n","protected":false},"author":3,"featured_media":10295,"comment_status":"closed","ping_status":"closed","sticky":false,"template":"","format":"standard","meta":{"_jetpack_memberships_contains_paid_content":false,"footnotes":"","jetpack_publicize_message":"","jetpack_publicize_feature_enabled":true,"jetpack_social_post_already_shared":false,"jetpack_social_options":{"image_generator_settings":{"template":"highway","enabled":false}}},"categories":[28],"tags":[],"jetpack_publicize_connections":[],"jetpack_sharing_enabled":true,"jetpack_featured_media_url":"http:\/\/enteculturalsantafesino.com.ar\/usina1\/wp-content\/uploads\/2013\/06\/celeste-y-blanco.jpg","_links":{"self":[{"href":"http:\/\/enteculturalsantafesino.com.ar\/usina1\/wp-json\/wp\/v2\/posts\/10294"}],"collection":[{"href":"http:\/\/enteculturalsantafesino.com.ar\/usina1\/wp-json\/wp\/v2\/posts"}],"about":[{"href":"http:\/\/enteculturalsantafesino.com.ar\/usina1\/wp-json\/wp\/v2\/types\/post"}],"author":[{"embeddable":true,"href":"http:\/\/enteculturalsantafesino.com.ar\/usina1\/wp-json\/wp\/v2\/users\/3"}],"replies":[{"embeddable":true,"href":"http:\/\/enteculturalsantafesino.com.ar\/usina1\/wp-json\/wp\/v2\/comments?post=10294"}],"version-history":[{"count":0,"href":"http:\/\/enteculturalsantafesino.com.ar\/usina1\/wp-json\/wp\/v2\/posts\/10294\/revisions"}],"wp:featuredmedia":[{"embeddable":true,"href":"http:\/\/enteculturalsantafesino.com.ar\/usina1\/wp-json\/wp\/v2\/media\/10295"}],"wp:attachment":[{"href":"http:\/\/enteculturalsantafesino.com.ar\/usina1\/wp-json\/wp\/v2\/media?parent=10294"}],"wp:term":[{"taxonomy":"category","embeddable":true,"href":"http:\/\/enteculturalsantafesino.com.ar\/usina1\/wp-json\/wp\/v2\/categories?post=10294"},{"taxonomy":"post_tag","embeddable":true,"href":"http:\/\/enteculturalsantafesino.com.ar\/usina1\/wp-json\/wp\/v2\/tags?post=10294"}],"curies":[{"name":"wp","href":"https:\/\/api.w.org\/{rel}","templated":true}]}}