{"id":10577,"date":"2013-07-03T23:01:00","date_gmt":"2013-07-03T23:01:00","guid":{"rendered":"http:\/\/entecultura.com.ar\/usina1\/?p=10577"},"modified":"2013-07-03T23:01:00","modified_gmt":"2013-07-03T23:01:00","slug":"carlos-pellegrini-gala-de-la-independencia","status":"publish","type":"post","link":"http:\/\/enteculturalsantafesino.com.ar\/usina1\/2013\/07\/carlos-pellegrini-gala-de-la-independencia\/","title":{"rendered":"Carlos Pellegrini: Gala de la Independencia"},"content":{"rendered":"<p>En el Marco de la Agenda Cultural y de Eventos, se realizar\u00e1 el pr\u00f3ximo lunes 8 de julio a las 21:30 H en el <a href=\"http:\/\/enteculturalsantafesino.com.ar\/usina1\/wp-content\/uploads\/2013\/07\/1005261_623162377702951_1695892466_n.jpg\" rel=\"lightbox[10577]\"><img loading=\"lazy\" decoding=\"async\" class=\"alignright size-medium wp-image-10578\" alt=\"1005261_623162377702951_1695892466_n\" src=\"http:\/\/enteculturalsantafesino.com.ar\/usina1\/wp-content\/uploads\/2013\/07\/1005261_623162377702951_1695892466_n-212x300.jpg\" width=\"212\" height=\"300\" srcset=\"http:\/\/enteculturalsantafesino.com.ar\/usina1\/wp-content\/uploads\/2013\/07\/1005261_623162377702951_1695892466_n-212x300.jpg 212w, http:\/\/enteculturalsantafesino.com.ar\/usina1\/wp-content\/uploads\/2013\/07\/1005261_623162377702951_1695892466_n.jpg 285w\" sizes=\"(max-width: 212px) 100vw, 212px\" \/><\/a><\/p>\n<p>Centro Cultural la tradicional GALA DE LA INDEPENDENCIA. En dicho evento actuar\u00e1 el Coro Polif\u00f3nico Comunal, a cargo del profesor Dar\u00edo Lell y el Ballet Popular \u00abSue\u00f1ero\u00bb con m\u00fasica en vivo.<br \/>\nEl gran cierre de la noche estar\u00e1 a cargo del tenor rosario Juanjo Cura, quien brindar\u00e1 a todos los pellegrinenese un recital denominado \u00abArgentina en su m\u00fasica\u00bb.<br \/>\n\u00abArgentina en su m\u00fasica\u00bb es un recital nacido de la necesidad de aunar en un s\u00f3lo repertorio esas canciones que nos representan y nos hacen sentir argentinos. Especialmente dise\u00f1ado para fechas patrias pero posible en toda ocasi\u00f3n, incluye temas como\u00bbZamba de mi esperanza\u00bb,\u00bbCaminito\u00bb , \u00abAurora\u00bb, Marcha de San Lorenzo, \u00abCambalache\u00bb, \u00abKm 11\u00bb, \u00abEl d\u00eda que me quieras\u00bb, temas de \u00abLa Trova Rosarina\u00bb, Nebbia, Paez, folklore, tango y otras canciones, aquellas que, en cualquier parte del mundo en que uno las escuche, se identifica con ellas. Para pensar y para cantar todos juntos, empezando por la m\u00e1s soberana de todas, nuestro Himno Nacional.<br \/>\n\u00a1Est\u00e1n todos invitados!<br \/>\nOrganiza: Comuna de Carlos Pellegrini<\/p>\n","protected":false},"excerpt":{"rendered":"<p>En el Marco de la Agenda Cultural y de Eventos, se realizar\u00e1 el pr\u00f3ximo lunes 8 de [&hellip;]<\/p>\n","protected":false},"author":3,"featured_media":10578,"comment_status":"closed","ping_status":"closed","sticky":false,"template":"","format":"standard","meta":{"_jetpack_memberships_contains_paid_content":false,"footnotes":"","jetpack_publicize_message":"","jetpack_publicize_feature_enabled":true,"jetpack_social_post_already_shared":false,"jetpack_social_options":{"image_generator_settings":{"template":"highway","enabled":false}}},"categories":[23],"tags":[],"jetpack_publicize_connections":[],"jetpack_sharing_enabled":true,"jetpack_featured_media_url":"http:\/\/enteculturalsantafesino.com.ar\/usina1\/wp-content\/uploads\/2013\/07\/1005261_623162377702951_1695892466_n.jpg","_links":{"self":[{"href":"http:\/\/enteculturalsantafesino.com.ar\/usina1\/wp-json\/wp\/v2\/posts\/10577"}],"collection":[{"href":"http:\/\/enteculturalsantafesino.com.ar\/usina1\/wp-json\/wp\/v2\/posts"}],"about":[{"href":"http:\/\/enteculturalsantafesino.com.ar\/usina1\/wp-json\/wp\/v2\/types\/post"}],"author":[{"embeddable":true,"href":"http:\/\/enteculturalsantafesino.com.ar\/usina1\/wp-json\/wp\/v2\/users\/3"}],"replies":[{"embeddable":true,"href":"http:\/\/enteculturalsantafesino.com.ar\/usina1\/wp-json\/wp\/v2\/comments?post=10577"}],"version-history":[{"count":0,"href":"http:\/\/enteculturalsantafesino.com.ar\/usina1\/wp-json\/wp\/v2\/posts\/10577\/revisions"}],"wp:featuredmedia":[{"embeddable":true,"href":"http:\/\/enteculturalsantafesino.com.ar\/usina1\/wp-json\/wp\/v2\/media\/10578"}],"wp:attachment":[{"href":"http:\/\/enteculturalsantafesino.com.ar\/usina1\/wp-json\/wp\/v2\/media?parent=10577"}],"wp:term":[{"taxonomy":"category","embeddable":true,"href":"http:\/\/enteculturalsantafesino.com.ar\/usina1\/wp-json\/wp\/v2\/categories?post=10577"},{"taxonomy":"post_tag","embeddable":true,"href":"http:\/\/enteculturalsantafesino.com.ar\/usina1\/wp-json\/wp\/v2\/tags?post=10577"}],"curies":[{"name":"wp","href":"https:\/\/api.w.org\/{rel}","templated":true}]}}