{"id":10591,"date":"2013-07-04T18:12:03","date_gmt":"2013-07-04T18:12:03","guid":{"rendered":"http:\/\/entecultura.com.ar\/usina1\/?p=10591"},"modified":"2013-07-04T18:12:03","modified_gmt":"2013-07-04T18:12:03","slug":"el-trebol-vacaciones-de-invierno-para-disfrutar-con-todos","status":"publish","type":"post","link":"http:\/\/enteculturalsantafesino.com.ar\/usina1\/2013\/07\/el-trebol-vacaciones-de-invierno-para-disfrutar-con-todos\/","title":{"rendered":"El Tr\u00e9bol: \u00abVacaciones de Invierno para disfrutar con Todos\u00bb"},"content":{"rendered":"<p>Dos semanas de mucha diversi\u00f3n para disfrutar con amigos! <a href=\"http:\/\/enteculturalsantafesino.com.ar\/usina1\/wp-content\/uploads\/2013\/07\/1044010_549345301792046_2020483436_n.jpg\" rel=\"lightbox[10591]\"><img loading=\"lazy\" decoding=\"async\" class=\"alignright size-medium wp-image-10592\" alt=\"1044010_549345301792046_2020483436_n\" src=\"http:\/\/enteculturalsantafesino.com.ar\/usina1\/wp-content\/uploads\/2013\/07\/1044010_549345301792046_2020483436_n-211x300.jpg\" width=\"211\" height=\"300\" srcset=\"http:\/\/enteculturalsantafesino.com.ar\/usina1\/wp-content\/uploads\/2013\/07\/1044010_549345301792046_2020483436_n-211x300.jpg 211w, http:\/\/enteculturalsantafesino.com.ar\/usina1\/wp-content\/uploads\/2013\/07\/1044010_549345301792046_2020483436_n.jpg 277w\" sizes=\"(max-width: 211px) 100vw, 211px\" \/><\/a><\/p>\n<p><strong>EN EL NAC\u2026 Ajedrez, Proyecci\u00f3n de Pel\u00edculas y mucho m\u00e1s\u2026<br \/>\n<\/strong>Del Lunes 8\/07 al Viernes 19\/07, las instalaciones del NAC permanecer\u00e1n abiertas exclusivamente para los chicos.<br \/>\nHORARIO DE ATENCI\u00d3N: de 10 a 12 y de 14 a 18hs.<br \/>\nAJEDREZ: Mi\u00e9rcoles y Jueves, de 10:30 a 11:30hs.<br \/>\nPROYECCI\u00d3N DE PEL\u00cdCULAS:<br \/>\nMi\u00e9rcoles 10\/07, de 14 a 15: 30 y de 16:30 a 18.<br \/>\nMi\u00e9rcoles 17\/07, de 14 a 15: 30 y de 16:30 a 18.<br \/>\n(Las entradas para ver pel\u00edculas se deber\u00e1n retirar en el NAC, con un d\u00eda de anticipaci\u00f3n como m\u00ednimo. Las mismas, son \u00a1TOTALMENTE GRATUITAS!)<\/p>\n<p><strong>EN LAS PLAZAS\u2026 Juegos deportivos, recreativos y mucha diversi\u00f3n\u2026<br \/>\n<\/strong>Jueves 11\/07: Plaza San Mart\u00edn de 14:30 a 16hs.<br \/>\nMartes 16\/07: Plaza de Los Picapiedras de 14:30 a 16hs.<br \/>\nJueves 18\/07: Plaza San Antonio de 14:30 a 16hs.<br \/>\nS\u00e1bado 20\/07: Plaza de los Sue\u00f1os de 15 a 17hs.<br \/>\nDomingo 21\/07: Predio Ecol\u00f3gico desde las 13:30hs, festejos por el D\u00eda del Amigo y Jornada Ecol\u00f3gica.<\/p>\n<p><strong>EN EL MUSEO\u2026 \u00a1Una muestra muy interesante para no perderse!<br \/>\n<\/strong>MUESTRA DE OSVALDO \u2013OSLO- LOMBARDO \u201cEL INVENTOR DEL PUEBLO\u201d: Lunes, Mi\u00e9rcoles y Viernes de 15 a 18hs<br \/>\nS\u00e1bado y Domingo: 17 a 19hs.<\/p>\n<p>Organiza e Invita: Municipalidad de El Tr\u00e9bol.<\/p>\n","protected":false},"excerpt":{"rendered":"<p>Dos semanas de mucha diversi\u00f3n para disfrutar con amigos! EN EL NAC\u2026 Ajedrez, Proyecci\u00f3n de Pel\u00edculas y [&hellip;]<\/p>\n","protected":false},"author":3,"featured_media":10592,"comment_status":"closed","ping_status":"closed","sticky":false,"template":"","format":"standard","meta":{"_jetpack_memberships_contains_paid_content":false,"footnotes":"","jetpack_publicize_message":"","jetpack_publicize_feature_enabled":true,"jetpack_social_post_already_shared":false,"jetpack_social_options":{"image_generator_settings":{"template":"highway","enabled":false}}},"categories":[18],"tags":[],"jetpack_publicize_connections":[],"jetpack_sharing_enabled":true,"jetpack_featured_media_url":"http:\/\/enteculturalsantafesino.com.ar\/usina1\/wp-content\/uploads\/2013\/07\/1044010_549345301792046_2020483436_n.jpg","_links":{"self":[{"href":"http:\/\/enteculturalsantafesino.com.ar\/usina1\/wp-json\/wp\/v2\/posts\/10591"}],"collection":[{"href":"http:\/\/enteculturalsantafesino.com.ar\/usina1\/wp-json\/wp\/v2\/posts"}],"about":[{"href":"http:\/\/enteculturalsantafesino.com.ar\/usina1\/wp-json\/wp\/v2\/types\/post"}],"author":[{"embeddable":true,"href":"http:\/\/enteculturalsantafesino.com.ar\/usina1\/wp-json\/wp\/v2\/users\/3"}],"replies":[{"embeddable":true,"href":"http:\/\/enteculturalsantafesino.com.ar\/usina1\/wp-json\/wp\/v2\/comments?post=10591"}],"version-history":[{"count":0,"href":"http:\/\/enteculturalsantafesino.com.ar\/usina1\/wp-json\/wp\/v2\/posts\/10591\/revisions"}],"wp:featuredmedia":[{"embeddable":true,"href":"http:\/\/enteculturalsantafesino.com.ar\/usina1\/wp-json\/wp\/v2\/media\/10592"}],"wp:attachment":[{"href":"http:\/\/enteculturalsantafesino.com.ar\/usina1\/wp-json\/wp\/v2\/media?parent=10591"}],"wp:term":[{"taxonomy":"category","embeddable":true,"href":"http:\/\/enteculturalsantafesino.com.ar\/usina1\/wp-json\/wp\/v2\/categories?post=10591"},{"taxonomy":"post_tag","embeddable":true,"href":"http:\/\/enteculturalsantafesino.com.ar\/usina1\/wp-json\/wp\/v2\/tags?post=10591"}],"curies":[{"name":"wp","href":"https:\/\/api.w.org\/{rel}","templated":true}]}}