{"id":10652,"date":"2013-07-08T17:48:56","date_gmt":"2013-07-08T17:48:56","guid":{"rendered":"http:\/\/entecultura.com.ar\/usina1\/?p=10652"},"modified":"2013-07-08T17:48:56","modified_gmt":"2013-07-08T17:48:56","slug":"totoras-actividades-de-vacaciones-de-invierno","status":"publish","type":"post","link":"http:\/\/enteculturalsantafesino.com.ar\/usina1\/2013\/07\/totoras-actividades-de-vacaciones-de-invierno\/","title":{"rendered":"Totoras: Actividades de Vacaciones de Invierno"},"content":{"rendered":"<p>La Municipalidad de Totoras informa, que este Lunes 8 de Julio, comienzan las actividades <a href=\"http:\/\/enteculturalsantafesino.com.ar\/usina1\/wp-content\/uploads\/2013\/07\/1013087_394934157277818_1914778337_n.jpg\" rel=\"lightbox[10652]\"><img loading=\"lazy\" decoding=\"async\" class=\"alignright size-medium wp-image-10653\" alt=\"1013087_394934157277818_1914778337_n\" src=\"http:\/\/enteculturalsantafesino.com.ar\/usina1\/wp-content\/uploads\/2013\/07\/1013087_394934157277818_1914778337_n-300x300.jpg\" width=\"300\" height=\"300\" srcset=\"http:\/\/enteculturalsantafesino.com.ar\/usina1\/wp-content\/uploads\/2013\/07\/1013087_394934157277818_1914778337_n-300x300.jpg 300w, http:\/\/enteculturalsantafesino.com.ar\/usina1\/wp-content\/uploads\/2013\/07\/1013087_394934157277818_1914778337_n-150x150.jpg 150w, http:\/\/enteculturalsantafesino.com.ar\/usina1\/wp-content\/uploads\/2013\/07\/1013087_394934157277818_1914778337_n.jpg 320w\" sizes=\"(max-width: 300px) 100vw, 300px\" \/><\/a><\/p>\n<p>correspondiente a las vacaciones de invierno:<\/p>\n<p>Lunes 8: Proyecci\u00f3n de la pel\u00edcula \u201cValiente\u201d<br \/>\nMi\u00e9rcoles 10: Proyecci\u00f3n de la pel\u00edcula \u201cEl origen de los Guardianes\u201d<\/p>\n<p>Todas las funciones de CINE en dos horarios: 14:00 y 16:30 hs. En el Centro Cultural de la Ciudad.<\/p>\n<p>Se recuerda a la poblaci\u00f3n que podr\u00e1n retirar sus entradas gratuitas en\u00a0 Biblioteca y Coordinaci\u00f3n de Actividades Culturales, Moreno y San Lorenzo.<\/p>\n","protected":false},"excerpt":{"rendered":"<p>La Municipalidad de Totoras informa, que este Lunes 8 de Julio, comienzan las actividades correspondiente a las [&hellip;]<\/p>\n","protected":false},"author":3,"featured_media":10653,"comment_status":"closed","ping_status":"closed","sticky":false,"template":"","format":"standard","meta":{"_jetpack_memberships_contains_paid_content":false,"footnotes":"","jetpack_publicize_message":"","jetpack_publicize_feature_enabled":true,"jetpack_social_post_already_shared":false,"jetpack_social_options":{"image_generator_settings":{"template":"highway","enabled":false}}},"categories":[27],"tags":[],"jetpack_publicize_connections":[],"jetpack_sharing_enabled":true,"jetpack_featured_media_url":"http:\/\/enteculturalsantafesino.com.ar\/usina1\/wp-content\/uploads\/2013\/07\/1013087_394934157277818_1914778337_n.jpg","_links":{"self":[{"href":"http:\/\/enteculturalsantafesino.com.ar\/usina1\/wp-json\/wp\/v2\/posts\/10652"}],"collection":[{"href":"http:\/\/enteculturalsantafesino.com.ar\/usina1\/wp-json\/wp\/v2\/posts"}],"about":[{"href":"http:\/\/enteculturalsantafesino.com.ar\/usina1\/wp-json\/wp\/v2\/types\/post"}],"author":[{"embeddable":true,"href":"http:\/\/enteculturalsantafesino.com.ar\/usina1\/wp-json\/wp\/v2\/users\/3"}],"replies":[{"embeddable":true,"href":"http:\/\/enteculturalsantafesino.com.ar\/usina1\/wp-json\/wp\/v2\/comments?post=10652"}],"version-history":[{"count":0,"href":"http:\/\/enteculturalsantafesino.com.ar\/usina1\/wp-json\/wp\/v2\/posts\/10652\/revisions"}],"wp:featuredmedia":[{"embeddable":true,"href":"http:\/\/enteculturalsantafesino.com.ar\/usina1\/wp-json\/wp\/v2\/media\/10653"}],"wp:attachment":[{"href":"http:\/\/enteculturalsantafesino.com.ar\/usina1\/wp-json\/wp\/v2\/media?parent=10652"}],"wp:term":[{"taxonomy":"category","embeddable":true,"href":"http:\/\/enteculturalsantafesino.com.ar\/usina1\/wp-json\/wp\/v2\/categories?post=10652"},{"taxonomy":"post_tag","embeddable":true,"href":"http:\/\/enteculturalsantafesino.com.ar\/usina1\/wp-json\/wp\/v2\/tags?post=10652"}],"curies":[{"name":"wp","href":"https:\/\/api.w.org\/{rel}","templated":true}]}}