{"id":10657,"date":"2013-07-09T20:26:28","date_gmt":"2013-07-09T20:26:28","guid":{"rendered":"http:\/\/entecultura.com.ar\/usina1\/?p=10657"},"modified":"2013-07-09T20:26:28","modified_gmt":"2013-07-09T20:26:28","slug":"el-9-de-julio-huele-a-despertar","status":"publish","type":"post","link":"http:\/\/enteculturalsantafesino.com.ar\/usina1\/2013\/07\/el-9-de-julio-huele-a-despertar\/","title":{"rendered":"\u00abEl 9 de julio huele a Despertar&#8230;\u00bb"},"content":{"rendered":"<p><em><strong>Por el Prof. Daniel Perazzo<a href=\"http:\/\/enteculturalsantafesino.com.ar\/usina1\/wp-content\/uploads\/2013\/07\/205551_1907358293900_237388_n.jpg\" rel=\"lightbox[10657]\"><img loading=\"lazy\" decoding=\"async\" class=\"alignright size-medium wp-image-10658\" alt=\"205551_1907358293900_237388_n\" src=\"http:\/\/enteculturalsantafesino.com.ar\/usina1\/wp-content\/uploads\/2013\/07\/205551_1907358293900_237388_n-300x267.jpg\" width=\"300\" height=\"267\" srcset=\"http:\/\/enteculturalsantafesino.com.ar\/usina1\/wp-content\/uploads\/2013\/07\/205551_1907358293900_237388_n-300x267.jpg 300w, http:\/\/enteculturalsantafesino.com.ar\/usina1\/wp-content\/uploads\/2013\/07\/205551_1907358293900_237388_n.jpg 720w\" sizes=\"(max-width: 300px) 100vw, 300px\" \/><\/a><\/strong><\/em><\/p>\n<p>Hablar del 9 de Julio huele a reafirmaci\u00f3n de cadenas rotas y b\u00fasqueda de identidades. Y es as\u00ed, porque en ese poblado perdido llamado San Miguel de Tucum\u00e1n, all\u00e1 por 1.816, la Patria se debat\u00eda y comenzaba a mediar ante un enfrentamiento entre bandos diferentes y opuestos pero tambi\u00e9n en muchos puntos, parecidos.<\/p>\n<p>Y all\u00e1 fueron los congresales, buscando una soluci\u00f3n a tantos males y la encontraron, en una casa sencilla, pero de cimientos fuertes. La historia estaba dando el puntapi\u00e9 inicial, un arrebato de libertad y un fin a muchas desigualdades.<\/p>\n<p>En Cuyo, San Mart\u00edn proyectaba el paso de los Andes y se atrev\u00eda a so\u00f1ar con un ma\u00f1ana.<\/p>\n<p>Por eso, el 9 de julio huele a despertar, a b\u00fasqueda de un camino a seguir, a remembranzas y actos heroicos, a ser libres sin importarnos las consecuencias&#8230;<\/p>\n","protected":false},"excerpt":{"rendered":"<p>Por el Prof. Daniel Perazzo Hablar del 9 de Julio huele a reafirmaci\u00f3n de cadenas rotas y [&hellip;]<\/p>\n","protected":false},"author":3,"featured_media":10659,"comment_status":"closed","ping_status":"closed","sticky":false,"template":"","format":"standard","meta":{"_jetpack_memberships_contains_paid_content":false,"footnotes":"","jetpack_publicize_message":"","jetpack_publicize_feature_enabled":true,"jetpack_social_post_already_shared":false,"jetpack_social_options":{"image_generator_settings":{"template":"highway","enabled":false}}},"categories":[31],"tags":[],"jetpack_publicize_connections":[],"jetpack_sharing_enabled":true,"jetpack_featured_media_url":"http:\/\/enteculturalsantafesino.com.ar\/usina1\/wp-content\/uploads\/2013\/07\/1011434_10200555286262011_1816788900_n.jpg","_links":{"self":[{"href":"http:\/\/enteculturalsantafesino.com.ar\/usina1\/wp-json\/wp\/v2\/posts\/10657"}],"collection":[{"href":"http:\/\/enteculturalsantafesino.com.ar\/usina1\/wp-json\/wp\/v2\/posts"}],"about":[{"href":"http:\/\/enteculturalsantafesino.com.ar\/usina1\/wp-json\/wp\/v2\/types\/post"}],"author":[{"embeddable":true,"href":"http:\/\/enteculturalsantafesino.com.ar\/usina1\/wp-json\/wp\/v2\/users\/3"}],"replies":[{"embeddable":true,"href":"http:\/\/enteculturalsantafesino.com.ar\/usina1\/wp-json\/wp\/v2\/comments?post=10657"}],"version-history":[{"count":0,"href":"http:\/\/enteculturalsantafesino.com.ar\/usina1\/wp-json\/wp\/v2\/posts\/10657\/revisions"}],"wp:featuredmedia":[{"embeddable":true,"href":"http:\/\/enteculturalsantafesino.com.ar\/usina1\/wp-json\/wp\/v2\/media\/10659"}],"wp:attachment":[{"href":"http:\/\/enteculturalsantafesino.com.ar\/usina1\/wp-json\/wp\/v2\/media?parent=10657"}],"wp:term":[{"taxonomy":"category","embeddable":true,"href":"http:\/\/enteculturalsantafesino.com.ar\/usina1\/wp-json\/wp\/v2\/categories?post=10657"},{"taxonomy":"post_tag","embeddable":true,"href":"http:\/\/enteculturalsantafesino.com.ar\/usina1\/wp-json\/wp\/v2\/tags?post=10657"}],"curies":[{"name":"wp","href":"https:\/\/api.w.org\/{rel}","templated":true}]}}