{"id":10663,"date":"2013-07-09T20:48:59","date_gmt":"2013-07-09T20:48:59","guid":{"rendered":"http:\/\/entecultura.com.ar\/usina1\/?p=10663"},"modified":"2013-07-09T20:48:59","modified_gmt":"2013-07-09T20:48:59","slug":"alma-argentina-y-anoranzas-brillan-en-suelo-paraguayo","status":"publish","type":"post","link":"http:\/\/enteculturalsantafesino.com.ar\/usina1\/2013\/07\/alma-argentina-y-anoranzas-brillan-en-suelo-paraguayo\/","title":{"rendered":"\u00abAlma Argentina\u00bb y \u00abA\u00f1oranzas\u00bb brillan en suelo paraguayo"},"content":{"rendered":"<p>Este emprendimiento es llevado adelante por el <b><i>Grupo Folkl\u00f3rico Kunu\u2019u Saite<\/i><\/b> en<a href=\"http:\/\/enteculturalsantafesino.com.ar\/usina1\/wp-content\/uploads\/2013\/07\/san-lorenzo.jpg\" rel=\"lightbox[10663]\"><img loading=\"lazy\" decoding=\"async\" class=\"alignright size-medium wp-image-10664\" alt=\"san lorenzo\" src=\"http:\/\/enteculturalsantafesino.com.ar\/usina1\/wp-content\/uploads\/2013\/07\/san-lorenzo-300x225.jpg\" width=\"300\" height=\"225\" srcset=\"http:\/\/enteculturalsantafesino.com.ar\/usina1\/wp-content\/uploads\/2013\/07\/san-lorenzo-300x225.jpg 300w, http:\/\/enteculturalsantafesino.com.ar\/usina1\/wp-content\/uploads\/2013\/07\/san-lorenzo.jpg 960w\" sizes=\"(max-width: 300px) 100vw, 300px\" \/><\/a><\/p>\n<p>distintos municipios de la Rep\u00fablica del Paraguay.<\/p>\n<p>El proyecto consiste en recorrer distintas localidades del pa\u00eds, del<strong> 5 al 13 de julio<\/strong>, ofreciendo lo mejor del folklore.<\/p>\n<p>El <b><i>Primer Encuentro Sudamericano Kunu\u2019u Folkl\u00f3rico<\/i><\/b> surge en retribuci\u00f3n a los dos a\u00f1os de <a href=\"http:\/\/enteculturalsantafesino.com.ar\/usina1\/2012\/04\/el-intendente-almada-dio-la-bienvenida-a-la-delegacion-paraguaya\/?preview=true&amp;preview_id=2699&amp;preview_nonce=33a03fd95c\"><i>intercambio cultural<\/i> <\/a>que tuvieron artistas paraguayos con la <i>Provincia de Santa Fe, Argentina.<\/i> Estos han sido recibidos all\u00ed con honores; como embajadores culturales.<\/p>\n<p>El festival recibi\u00f3 delegaciones art\u00edsticas provenientes de Argentina y Chile. En el programa se encuentran m\u00e1s de 100 artistas en escena, junto a grupos locales de m\u00fasica y danza, logr\u00e1ndose as\u00ed, una importante movilizaci\u00f3n dentro del circuito art\u00edstico de cada localidad.<a href=\"http:\/\/enteculturalsantafesino.com.ar\/usina1\/wp-content\/uploads\/2013\/07\/itacurub\u00ed-2.jpg\" rel=\"lightbox[10663]\"><img loading=\"lazy\" decoding=\"async\" class=\"alignright size-medium wp-image-10665\" alt=\"itacurub\u00ed 2\" src=\"http:\/\/enteculturalsantafesino.com.ar\/usina1\/wp-content\/uploads\/2013\/07\/itacurub\u00ed-2-300x168.jpg\" width=\"300\" height=\"168\" srcset=\"http:\/\/enteculturalsantafesino.com.ar\/usina1\/wp-content\/uploads\/2013\/07\/itacurub\u00ed-2-300x168.jpg 300w, http:\/\/enteculturalsantafesino.com.ar\/usina1\/wp-content\/uploads\/2013\/07\/itacurub\u00ed-2.jpg 960w\" sizes=\"(max-width: 300px) 100vw, 300px\" \/><\/a><\/p>\n<p>Las primeras jornadas de este encuentro se llevaron a cabo en la \u00a0<b>Escuela Am\u00e9rica de San Antonio<\/b>, haciendo sus primera presentaciones en una noche muy calurosa la <b>C\u00eda. \u201cAlma Argentina\u00bb<\/b>&#8211;<b>Correa<\/b> presentando una variedad de Tangos en la voz de <i>Mauricio Villarruel y Julieta Marucco<\/i>, una milonga con <i>Mat\u00edas Malloni y Natalia Castellano<\/i> para coronar con las danzas de la Chamarrita y el Chamam\u00e9 con su <em>Ballet Estable.<\/em><\/p>\n<p>El <b>B<\/b><b>allet Infanto Juvenil A\u00f1oranzas de Mar\u00eda Susana<\/b> subi\u00f3 al escenario con un cuadro criollo, finalizando con un excelente malambo, arrancando admiraci\u00f3n en especial con los zapateadores m\u00e1s peque\u00f1os, todo esto se vivi\u00f3 en un ambiente muy c\u00e1lido con toda la comunidad de la Escuela. El espect\u00e1culo se cerr\u00f3 con la presentaci\u00f3n del <a href=\"http:\/\/enteculturalsantafesino.com.ar\/usina1\/wp-content\/uploads\/2013\/07\/itacurub\u00ed.jpg\" rel=\"lightbox[10663]\"><img loading=\"lazy\" decoding=\"async\" class=\"alignright size-medium wp-image-10666\" alt=\"itacurub\u00ed\" src=\"http:\/\/enteculturalsantafesino.com.ar\/usina1\/wp-content\/uploads\/2013\/07\/itacurub\u00ed-300x168.jpg\" width=\"300\" height=\"168\" srcset=\"http:\/\/enteculturalsantafesino.com.ar\/usina1\/wp-content\/uploads\/2013\/07\/itacurub\u00ed-300x168.jpg 300w, http:\/\/enteculturalsantafesino.com.ar\/usina1\/wp-content\/uploads\/2013\/07\/itacurub\u00ed.jpg 960w\" sizes=\"(max-width: 300px) 100vw, 300px\" \/><\/a><\/p>\n<p><b>Grupo Folkl\u00f3rico Kunu&#8217;\u00fb Saite <\/b>con un cuadro Tradicional cerrando la noche con la Danza de las Botellas.<\/p>\n<p>El <b>s\u00e1bado 6 de julio<\/b> las distintas delegaciones se hicieron presentes el <i>\u201cFestival de la Plaza de San Antonio<\/i> desde las 20hs con un importante marco de p\u00fablico para llegar a la jornada del <b>domingo 7 de julio<\/b> a la ciudad de <b>\u201cItacurub\u00ed de la Cordillera<\/b>\u201d cautivando a todos los presentes con danzas, canciones y colorido latinoamericano.<\/p>\n<p><b><i><span style=\"text-decoration: underline;\">San Bernardino<a href=\"http:\/\/enteculturalsantafesino.com.ar\/usina1\/wp-content\/uploads\/2013\/07\/bernardino-2.jpg\" rel=\"lightbox[10663]\"><img loading=\"lazy\" decoding=\"async\" class=\"alignright size-medium wp-image-10667\" alt=\"bernardino 2\" src=\"http:\/\/enteculturalsantafesino.com.ar\/usina1\/wp-content\/uploads\/2013\/07\/bernardino-2-300x200.jpg\" width=\"300\" height=\"200\" srcset=\"http:\/\/enteculturalsantafesino.com.ar\/usina1\/wp-content\/uploads\/2013\/07\/bernardino-2-300x200.jpg 300w, http:\/\/enteculturalsantafesino.com.ar\/usina1\/wp-content\/uploads\/2013\/07\/bernardino-2.jpg 960w\" sizes=\"(max-width: 300px) 100vw, 300px\" \/><\/a><\/span><\/i><\/b><\/p>\n<p>El lunes a las 19:30 empez\u00f3 el Primer Festival Sudamericano de Kunu\u00b4u Folcl\u00f3rico en el Sal\u00f3n Municipal de San Bernardino. Al evento asistieron cerca de 200 personas, que disfrutaron de<\/p>\n<p>una variedad de danzas tradicionales de Sudam\u00e9rica, con los elencos integrado por artistas \u00a0santafesinos, de San Lorenzo &#8211; Paraguay y de San Bernardino.<\/p>\n<p><b><i>Hoy en el d\u00eda de la Independencia Argentina, este Encuentro Latinoamericano se har\u00e1 presente \u00a0desde las 20hs \u00a0en la Embajada Argentina.<\/i><\/b><\/p>\n","protected":false},"excerpt":{"rendered":"<p>Este emprendimiento es llevado adelante por el Grupo Folkl\u00f3rico Kunu\u2019u Saite en distintos municipios de la Rep\u00fablica [&hellip;]<\/p>\n","protected":false},"author":3,"featured_media":10668,"comment_status":"closed","ping_status":"closed","sticky":false,"template":"","format":"standard","meta":{"_jetpack_memberships_contains_paid_content":false,"footnotes":"","jetpack_publicize_message":"","jetpack_publicize_feature_enabled":true,"jetpack_social_post_already_shared":false,"jetpack_social_options":{"image_generator_settings":{"template":"highway","enabled":false}}},"categories":[21,30],"tags":[36,35],"jetpack_publicize_connections":[],"jetpack_sharing_enabled":true,"jetpack_featured_media_url":"http:\/\/enteculturalsantafesino.com.ar\/usina1\/wp-content\/uploads\/2013\/07\/bernardino.jpg","_links":{"self":[{"href":"http:\/\/enteculturalsantafesino.com.ar\/usina1\/wp-json\/wp\/v2\/posts\/10663"}],"collection":[{"href":"http:\/\/enteculturalsantafesino.com.ar\/usina1\/wp-json\/wp\/v2\/posts"}],"about":[{"href":"http:\/\/enteculturalsantafesino.com.ar\/usina1\/wp-json\/wp\/v2\/types\/post"}],"author":[{"embeddable":true,"href":"http:\/\/enteculturalsantafesino.com.ar\/usina1\/wp-json\/wp\/v2\/users\/3"}],"replies":[{"embeddable":true,"href":"http:\/\/enteculturalsantafesino.com.ar\/usina1\/wp-json\/wp\/v2\/comments?post=10663"}],"version-history":[{"count":0,"href":"http:\/\/enteculturalsantafesino.com.ar\/usina1\/wp-json\/wp\/v2\/posts\/10663\/revisions"}],"wp:featuredmedia":[{"embeddable":true,"href":"http:\/\/enteculturalsantafesino.com.ar\/usina1\/wp-json\/wp\/v2\/media\/10668"}],"wp:attachment":[{"href":"http:\/\/enteculturalsantafesino.com.ar\/usina1\/wp-json\/wp\/v2\/media?parent=10663"}],"wp:term":[{"taxonomy":"category","embeddable":true,"href":"http:\/\/enteculturalsantafesino.com.ar\/usina1\/wp-json\/wp\/v2\/categories?post=10663"},{"taxonomy":"post_tag","embeddable":true,"href":"http:\/\/enteculturalsantafesino.com.ar\/usina1\/wp-json\/wp\/v2\/tags?post=10663"}],"curies":[{"name":"wp","href":"https:\/\/api.w.org\/{rel}","templated":true}]}}