{"id":10680,"date":"2013-07-10T05:43:12","date_gmt":"2013-07-10T05:43:12","guid":{"rendered":"http:\/\/entecultura.com.ar\/usina1\/?p=10680"},"modified":"2013-07-10T05:53:02","modified_gmt":"2013-07-10T05:53:02","slug":"san-genaro-comenzaron-la-vacaciones","status":"publish","type":"post","link":"http:\/\/enteculturalsantafesino.com.ar\/usina1\/2013\/07\/san-genaro-comenzaron-la-vacaciones\/","title":{"rendered":"San Genaro: Comenzaron la Vacaciones!"},"content":{"rendered":"<p>Organizado por la Municipalidad de San Genaro desde la Coordinaci\u00f3n de Cultura se llev\u00f3 a<a href=\"http:\/\/enteculturalsantafesino.com.ar\/usina1\/wp-content\/uploads\/2013\/07\/1004002_599594966738267_511590761_n.jpg\" rel=\"lightbox[10680]\"><img loading=\"lazy\" decoding=\"async\" class=\"alignright size-medium wp-image-10681\" alt=\"1004002_599594966738267_511590761_n\" src=\"http:\/\/enteculturalsantafesino.com.ar\/usina1\/wp-content\/uploads\/2013\/07\/1004002_599594966738267_511590761_n-300x225.jpg\" width=\"300\" height=\"225\" srcset=\"http:\/\/enteculturalsantafesino.com.ar\/usina1\/wp-content\/uploads\/2013\/07\/1004002_599594966738267_511590761_n-300x225.jpg 300w, http:\/\/enteculturalsantafesino.com.ar\/usina1\/wp-content\/uploads\/2013\/07\/1004002_599594966738267_511590761_n.jpg 640w\" sizes=\"(max-width: 300px) 100vw, 300px\" \/><\/a><\/p>\n<p>cabo la 1\u00ba Jornada de Cine Gratuito para todos los chicos de San Genaro. En esta oportunidad la primer funci\u00f3n fue en el Sal\u00f3n Parroquial y cont\u00f3 con la participaci\u00f3n de m\u00e1s de 200 personas.<\/p>\n<p>Este evento est\u00e1 enmarcado dentro de la Agenda Cultural de Vacaciones de Invierno preparada por el municipio. En la tarde del lunes se proyect\u00f3 la pel\u00edcula \u201c!Piratas!\u201d. La actividad continuar\u00e1 el pr\u00f3ximo jueves 11 de julio a las 14:30 hs en el Sal\u00f3n Social del Club Atl\u00e9tico San Genaro (calle Carlos Avalle 1351) con la pel\u00edcula \u201cRalph el demoledor\u201d.<\/p>\n<p>Adem\u00e1s el d\u00eda s\u00e1bado 13 se realizar\u00e1 en el Club Sportivo Rivadavia una funci\u00f3n de T\u00cdTERES a cargo del Grupo \u201cViruta y Sudor\u201d. El Cine retorna con dos nuevas funciones el Martes 16 en el Sal\u00f3n Parroquial y Jueves 18 en el Sal\u00f3n del CASG. Cerrando la agenda el s\u00e1bado 20 con un show sorpresa para todos los chicos en la Feria Permanente de Artesanos y Emprendedores sangenarinos.<a data-ft=\"{&quot;tn&quot;:&quot;e&quot;}\">Ver m\u00e1s<\/a><\/p>\n","protected":false},"excerpt":{"rendered":"<p>Organizado por la Municipalidad de San Genaro desde la Coordinaci\u00f3n de Cultura se llev\u00f3 a cabo la [&hellip;]<\/p>\n","protected":false},"author":3,"featured_media":10681,"comment_status":"closed","ping_status":"closed","sticky":false,"template":"","format":"standard","meta":{"_jetpack_memberships_contains_paid_content":false,"footnotes":"","jetpack_publicize_message":"","jetpack_publicize_feature_enabled":true,"jetpack_social_post_already_shared":false,"jetpack_social_options":{"image_generator_settings":{"template":"highway","enabled":false}}},"categories":[1,28],"tags":[],"jetpack_publicize_connections":[],"jetpack_sharing_enabled":true,"jetpack_featured_media_url":"http:\/\/enteculturalsantafesino.com.ar\/usina1\/wp-content\/uploads\/2013\/07\/1004002_599594966738267_511590761_n.jpg","_links":{"self":[{"href":"http:\/\/enteculturalsantafesino.com.ar\/usina1\/wp-json\/wp\/v2\/posts\/10680"}],"collection":[{"href":"http:\/\/enteculturalsantafesino.com.ar\/usina1\/wp-json\/wp\/v2\/posts"}],"about":[{"href":"http:\/\/enteculturalsantafesino.com.ar\/usina1\/wp-json\/wp\/v2\/types\/post"}],"author":[{"embeddable":true,"href":"http:\/\/enteculturalsantafesino.com.ar\/usina1\/wp-json\/wp\/v2\/users\/3"}],"replies":[{"embeddable":true,"href":"http:\/\/enteculturalsantafesino.com.ar\/usina1\/wp-json\/wp\/v2\/comments?post=10680"}],"version-history":[{"count":0,"href":"http:\/\/enteculturalsantafesino.com.ar\/usina1\/wp-json\/wp\/v2\/posts\/10680\/revisions"}],"wp:featuredmedia":[{"embeddable":true,"href":"http:\/\/enteculturalsantafesino.com.ar\/usina1\/wp-json\/wp\/v2\/media\/10681"}],"wp:attachment":[{"href":"http:\/\/enteculturalsantafesino.com.ar\/usina1\/wp-json\/wp\/v2\/media?parent=10680"}],"wp:term":[{"taxonomy":"category","embeddable":true,"href":"http:\/\/enteculturalsantafesino.com.ar\/usina1\/wp-json\/wp\/v2\/categories?post=10680"},{"taxonomy":"post_tag","embeddable":true,"href":"http:\/\/enteculturalsantafesino.com.ar\/usina1\/wp-json\/wp\/v2\/tags?post=10680"}],"curies":[{"name":"wp","href":"https:\/\/api.w.org\/{rel}","templated":true}]}}