{"id":10684,"date":"2013-07-10T05:47:08","date_gmt":"2013-07-10T05:47:08","guid":{"rendered":"http:\/\/entecultura.com.ar\/usina1\/?p=10684"},"modified":"2013-07-10T05:47:08","modified_gmt":"2013-07-10T05:47:08","slug":"carlos-pellegrini-noche-de-gala-por-el-dia-de-la-independencia","status":"publish","type":"post","link":"http:\/\/enteculturalsantafesino.com.ar\/usina1\/2013\/07\/carlos-pellegrini-noche-de-gala-por-el-dia-de-la-independencia\/","title":{"rendered":"Carlos Pellegrini: Noche de Gala por el D\u00eda de la Independencia"},"content":{"rendered":"<p>La <strong>Gala de la Independencia<\/strong>, organizada dentro de la Agenda Cultural de la Comuna de Carlos Pellegrini, <a href=\"http:\/\/enteculturalsantafesino.com.ar\/usina1\/wp-content\/uploads\/2013\/07\/phpThumb_generated_thumbnail.jpeg\" rel=\"lightbox[10684]\"><img loading=\"lazy\" decoding=\"async\" class=\"alignright size-full wp-image-10685\" alt=\"phpThumb_generated_thumbnail\" src=\"http:\/\/enteculturalsantafesino.com.ar\/usina1\/wp-content\/uploads\/2013\/07\/phpThumb_generated_thumbnail.jpeg\" width=\"200\" height=\"150\" \/><\/a><\/p>\n<p>fue una extraordinaria velada donde se pudo ver, escuchar y sentir buenos espect\u00e1culos. El <strong>Tenor Juanjo Cura<\/strong> le puso el broche de oro.<\/p>\n<p>A sala llena y con la presencia de las autoridades comunales, el Centro Cultural se visti\u00f3 de celeste y blanco para celebrar el D\u00eda de la Independencia. El Coro Polif\u00f3nico Comunal actu\u00f3 en primer t\u00e9rmino, dirigido por el Profesor Dar\u00edo Lell.<\/p>\n<p>Los pellegrinenses se lucieron con canciones especialmente preparadas para la ocasi\u00f3n. Luego tocaron y cantaron, un grupo de Kumel\u00e9n y bail\u00f3 el Ballet Popular Sue\u00f1ero, de la Comuna y Kumel\u00e9n, despertando la admiraci\u00f3n de todos por sus magn\u00edficos cuadros alusivo a la fecha.<\/p>\n<p><a href=\"http:\/\/www.portalpellegrinense.com.ar\/nuevo\/plugins\/content\/jumultithumb\/Li4vLi4vLi4vaW1hZ2VzL3N0b3JpZXMvSlVBTkpPNC5qcGcmYW1wO3c9JmFtcDtoPSZhbXA7cT0xMDAmYW1wO3pjPTAmYW1wO2ZsdHJbXT13bWl8d2F0ZXJtYXJrL3cucG5nfEJSfDc1.jpg\" rel=\"lightbox[den]\"><img decoding=\"async\" class=\"alignright\" alt=\"JUANJO4\" src=\"http:\/\/www.portalpellegrinense.com.ar\/nuevo\/plugins\/content\/jumultithumb\/Li4vLi4vLi4vaW1hZ2VzL3N0b3JpZXMvSlVBTkpPNC5qcGcmYW1wO3c9MjAwJmFtcDtoPTIwMCZhbXA7cT05MCZhbXA7emM9MA==.jpg\" \/><\/a><\/p>\n<p>Sin dudas la actuaci\u00f3n del tenor rosarino Juanjo Cura colm\u00f3 las expectativas de la gente. Present\u00f3 el trabajo \u00abArgentina en su m\u00fasica\u00bb, con canciones populares, elegidas especialmente por el cantante por su significaci\u00f3n en la gente, por ser esos temas que nos representan y nos hacen sentir argentinos. Desde \u201cCaminito\u201d, \u201cAurora\u201d, \u201cLa Marcha de San Lorenzo\u201d, \u201cKil\u00f3metro 11\u201d, \u201cEl D\u00eda que me Quieras\u201d, entre otros, para llegar a emocionar con el Himno Nacional Argentino.<\/p>\n<p><em>fuente: portalpellegrinense<\/em><\/p>\n","protected":false},"excerpt":{"rendered":"<p>La Gala de la Independencia, organizada dentro de la Agenda Cultural de la Comuna de Carlos Pellegrini, [&hellip;]<\/p>\n","protected":false},"author":3,"featured_media":10685,"comment_status":"closed","ping_status":"closed","sticky":false,"template":"","format":"standard","meta":{"_jetpack_memberships_contains_paid_content":false,"footnotes":"","jetpack_publicize_message":"","jetpack_publicize_feature_enabled":true,"jetpack_social_post_already_shared":false,"jetpack_social_options":{"image_generator_settings":{"template":"highway","enabled":false}}},"categories":[23],"tags":[],"jetpack_publicize_connections":[],"jetpack_sharing_enabled":true,"jetpack_featured_media_url":"http:\/\/enteculturalsantafesino.com.ar\/usina1\/wp-content\/uploads\/2013\/07\/phpThumb_generated_thumbnail.jpeg","_links":{"self":[{"href":"http:\/\/enteculturalsantafesino.com.ar\/usina1\/wp-json\/wp\/v2\/posts\/10684"}],"collection":[{"href":"http:\/\/enteculturalsantafesino.com.ar\/usina1\/wp-json\/wp\/v2\/posts"}],"about":[{"href":"http:\/\/enteculturalsantafesino.com.ar\/usina1\/wp-json\/wp\/v2\/types\/post"}],"author":[{"embeddable":true,"href":"http:\/\/enteculturalsantafesino.com.ar\/usina1\/wp-json\/wp\/v2\/users\/3"}],"replies":[{"embeddable":true,"href":"http:\/\/enteculturalsantafesino.com.ar\/usina1\/wp-json\/wp\/v2\/comments?post=10684"}],"version-history":[{"count":0,"href":"http:\/\/enteculturalsantafesino.com.ar\/usina1\/wp-json\/wp\/v2\/posts\/10684\/revisions"}],"wp:featuredmedia":[{"embeddable":true,"href":"http:\/\/enteculturalsantafesino.com.ar\/usina1\/wp-json\/wp\/v2\/media\/10685"}],"wp:attachment":[{"href":"http:\/\/enteculturalsantafesino.com.ar\/usina1\/wp-json\/wp\/v2\/media?parent=10684"}],"wp:term":[{"taxonomy":"category","embeddable":true,"href":"http:\/\/enteculturalsantafesino.com.ar\/usina1\/wp-json\/wp\/v2\/categories?post=10684"},{"taxonomy":"post_tag","embeddable":true,"href":"http:\/\/enteculturalsantafesino.com.ar\/usina1\/wp-json\/wp\/v2\/tags?post=10684"}],"curies":[{"name":"wp","href":"https:\/\/api.w.org\/{rel}","templated":true}]}}