{"id":10687,"date":"2013-07-10T05:52:30","date_gmt":"2013-07-10T05:52:30","guid":{"rendered":"http:\/\/entecultura.com.ar\/usina1\/?p=10687"},"modified":"2013-07-10T05:52:30","modified_gmt":"2013-07-10T05:52:30","slug":"el-ballet-nacional-folclorico-argentino-deslumbro-en-el-trebol","status":"publish","type":"post","link":"http:\/\/enteculturalsantafesino.com.ar\/usina1\/2013\/07\/el-ballet-nacional-folclorico-argentino-deslumbro-en-el-trebol\/","title":{"rendered":"El Ballet Nacional Folcl\u00f3rico Argentino deslumbr\u00f3 en El Tr\u00e9bol"},"content":{"rendered":"<p>En la tarde de este Martes 9 de Julio, D\u00eda de la Independencia,\u00a0el Ballet Nacional Folcl\u00f3rico de<a href=\"http:\/\/enteculturalsantafesino.com.ar\/usina1\/wp-content\/uploads\/2013\/07\/ballet-nacional-8.jpg\" rel=\"lightbox[10687]\"><img loading=\"lazy\" decoding=\"async\" class=\"alignright size-medium wp-image-10688\" alt=\"ballet-nacional-8\" src=\"http:\/\/enteculturalsantafesino.com.ar\/usina1\/wp-content\/uploads\/2013\/07\/ballet-nacional-8-300x225.jpg\" width=\"300\" height=\"225\" srcset=\"http:\/\/enteculturalsantafesino.com.ar\/usina1\/wp-content\/uploads\/2013\/07\/ballet-nacional-8-300x225.jpg 300w, http:\/\/enteculturalsantafesino.com.ar\/usina1\/wp-content\/uploads\/2013\/07\/ballet-nacional-8.jpg 640w\" sizes=\"(max-width: 300px) 100vw, 300px\" \/><\/a><\/p>\n<p>Argentina se present\u00f3 en el Centro Cultural Cervantes de la ciudad de El Tr\u00e9bol ante unas 400 personas que colmaron el sal\u00f3n.<\/p>\n<p>Bajo la Direcci\u00f3n de Omar Fiordelmondo, el grupo present\u00f3 la fant\u00e1stica gala \u201cEmocionARTE\u201d, justo en el d\u00eda en que celebr\u00f3 sus 23 a\u00f1os de vida, ya que debut\u00f3 un 9 de Julio de 1990 en el Teatro Col\u00f3n de la ciudad de Buenos Aires.<\/p>\n<p>En la previa, Roxana Andruetto, conductora del evento y Alejandra Vismara, Directora de Educaci\u00f3n y Cultura de la Municipalidad, realizaron lectura de distintas palabras y frases alusivas a la fecha.<\/p>\n<p>Tras eso, se present\u00f3 la Fiesta de Arte y un nuevo Simposio Nacional e Internacional de Escultores que se llevar\u00e1 a cabo en nuestra ciudad del 12 al 19 de Octubre.<\/p>\n<p>Posteriormente, se dio inicio al espect\u00e1culo que prepar\u00f3 el Ballet Folcl\u00f3rico y los cuadros principales fueron:<\/p>\n<ul>\n<li>Amanecer Salte\u00f1o.<\/li>\n<li>Homenaje a Norma y Nydia Viola.<\/li>\n<li>Triunfo y Malambo Sure\u00f1o.<\/li>\n<li>Chiqu\u00e9.<a href=\"http:\/\/enteculturalsantafesino.com.ar\/usina1\/wp-content\/uploads\/2013\/07\/ballet-nacional-9.jpg\" rel=\"lightbox[10687]\"><img loading=\"lazy\" decoding=\"async\" class=\"alignright size-medium wp-image-10689\" alt=\"ballet-nacional-9\" src=\"http:\/\/enteculturalsantafesino.com.ar\/usina1\/wp-content\/uploads\/2013\/07\/ballet-nacional-9-300x225.jpg\" width=\"300\" height=\"225\" srcset=\"http:\/\/enteculturalsantafesino.com.ar\/usina1\/wp-content\/uploads\/2013\/07\/ballet-nacional-9-300x225.jpg 300w, http:\/\/enteculturalsantafesino.com.ar\/usina1\/wp-content\/uploads\/2013\/07\/ballet-nacional-9.jpg 640w\" sizes=\"(max-width: 300px) 100vw, 300px\" \/><\/a><\/li>\n<li>Tributo al Maestro Osvaldo Pugliese.<\/li>\n<li>Peric\u00f3n Nacional.<\/li>\n<li>Himno \u2013 Malambo.<\/li>\n<li>Sala de Museo.<\/li>\n<li>En el Monte Santiague\u00f1o.<\/li>\n<li>Recreaci\u00f3n de la Media Ca\u00f1a y Ritmo de Chaya.<\/li>\n<li>Juegos Pampeanos y Malambo.<\/li>\n<\/ul>\n<p>El Intendente Fernando Almada\u00a0 manifest\u00f3: \u201cSi bien las inclemencias del tiempo obligaron a suspender el acto formal que ten\u00edamos programado para la ma\u00f1ana, la presencia de este Ballet Nacional tambi\u00e9n form\u00f3 parte de las celebraciones que ten\u00edamos preparadas. Adem\u00e1s, dicho Ballet celebr\u00f3 hoy Martes aqu\u00ed en nuestra ciudad sus 23 a\u00f1os de vida y eso para nosotros es un gran orgullo y nos llena de satisfacci\u00f3n\u201d.<\/p>\n<p>A pesar del tiempo, la convocatoria fue muy buena y en relaci\u00f3n a eso, Almada expres\u00f3: \u201cEl d\u00eda no acompa\u00f1\u00f3 desde lo clim\u00e1tico, pero gracias a Dios la gente acompa\u00f1\u00f3 y valor\u00f3 realmente esta presencia que es muy importante y que tampoco se ve todos los d\u00edas. Fue un espect\u00e1culo de gran jerarqu\u00eda y es bueno que la comunidad haya podido aprovecharlo\u201d.<\/p>\n<p>Para cerrar, el mandatario dijo: \u201cCon el correr de los a\u00f1os, los festejos patrios han ido teniendo mayor popularidad y eso nos produce much\u00edsima alegr\u00eda, porque anteriormente los festejos en fechas patrias, por diversas cuestiones, hab\u00edan quedado solamente como d\u00edas feriados. Nosotros tratamos de ir retomando la inclusi\u00f3n y la participaci\u00f3n de todos en estas fiestas y si vienen acompa\u00f1ados de espect\u00e1culos art\u00edsticos como \u00e9stos mucho mejor\u201d.<\/p>\n<p><strong><em>fuente: <a href=\"http:\/\/www.radioeltrebol.com.ar\">www.radioeltrebol.com.ar<\/a><\/em><\/strong><\/p>\n","protected":false},"excerpt":{"rendered":"<p>En la tarde de este Martes 9 de Julio, D\u00eda de la Independencia,\u00a0el Ballet Nacional Folcl\u00f3rico de [&hellip;]<\/p>\n","protected":false},"author":3,"featured_media":10690,"comment_status":"closed","ping_status":"closed","sticky":false,"template":"","format":"standard","meta":{"_jetpack_memberships_contains_paid_content":false,"footnotes":"","jetpack_publicize_message":"","jetpack_publicize_feature_enabled":true,"jetpack_social_post_already_shared":false,"jetpack_social_options":{"image_generator_settings":{"template":"highway","enabled":false}}},"categories":[18],"tags":[],"jetpack_publicize_connections":[],"jetpack_sharing_enabled":true,"jetpack_featured_media_url":"http:\/\/enteculturalsantafesino.com.ar\/usina1\/wp-content\/uploads\/2013\/07\/ballet-nacional-10.jpg","_links":{"self":[{"href":"http:\/\/enteculturalsantafesino.com.ar\/usina1\/wp-json\/wp\/v2\/posts\/10687"}],"collection":[{"href":"http:\/\/enteculturalsantafesino.com.ar\/usina1\/wp-json\/wp\/v2\/posts"}],"about":[{"href":"http:\/\/enteculturalsantafesino.com.ar\/usina1\/wp-json\/wp\/v2\/types\/post"}],"author":[{"embeddable":true,"href":"http:\/\/enteculturalsantafesino.com.ar\/usina1\/wp-json\/wp\/v2\/users\/3"}],"replies":[{"embeddable":true,"href":"http:\/\/enteculturalsantafesino.com.ar\/usina1\/wp-json\/wp\/v2\/comments?post=10687"}],"version-history":[{"count":0,"href":"http:\/\/enteculturalsantafesino.com.ar\/usina1\/wp-json\/wp\/v2\/posts\/10687\/revisions"}],"wp:featuredmedia":[{"embeddable":true,"href":"http:\/\/enteculturalsantafesino.com.ar\/usina1\/wp-json\/wp\/v2\/media\/10690"}],"wp:attachment":[{"href":"http:\/\/enteculturalsantafesino.com.ar\/usina1\/wp-json\/wp\/v2\/media?parent=10687"}],"wp:term":[{"taxonomy":"category","embeddable":true,"href":"http:\/\/enteculturalsantafesino.com.ar\/usina1\/wp-json\/wp\/v2\/categories?post=10687"},{"taxonomy":"post_tag","embeddable":true,"href":"http:\/\/enteculturalsantafesino.com.ar\/usina1\/wp-json\/wp\/v2\/tags?post=10687"}],"curies":[{"name":"wp","href":"https:\/\/api.w.org\/{rel}","templated":true}]}}