{"id":10696,"date":"2013-07-10T14:50:03","date_gmt":"2013-07-10T14:50:03","guid":{"rendered":"http:\/\/entecultura.com.ar\/usina1\/?p=10696"},"modified":"2013-07-10T14:50:03","modified_gmt":"2013-07-10T14:50:03","slug":"canada-de-gomez-rock-en-la-casa-del-bicentenario","status":"publish","type":"post","link":"http:\/\/enteculturalsantafesino.com.ar\/usina1\/2013\/07\/canada-de-gomez-rock-en-la-casa-del-bicentenario\/","title":{"rendered":"Ca\u00f1ada de G\u00f3mez: Rock en la Casa del Bicentenario"},"content":{"rendered":"<p>Dos ex Punto G presentan en vivo sus proyectos musicales<a href=\"http:\/\/enteculturalsantafesino.com.ar\/usina1\/wp-content\/uploads\/2013\/07\/1044304_323484454453335_1967692926_n.jpg\" rel=\"lightbox[10696]\"><img loading=\"lazy\" decoding=\"async\" class=\"alignright size-full wp-image-10697\" alt=\"1044304_323484454453335_1967692926_n\" src=\"http:\/\/enteculturalsantafesino.com.ar\/usina1\/wp-content\/uploads\/2013\/07\/1044304_323484454453335_1967692926_n.jpg\" width=\"268\" height=\"188\" \/><\/a><br \/>\nEl domingo 14 de julio, a las 19 horas, en Casa del Bicentenario, La Banda Qu\u00edmica y El peor Bajista del Mundo se presentar\u00e1n con un recital incre\u00edble&#8230;.<br \/>\nLos ex Punto G, Juan Albertengo y Carlos Verdichio, presentan sus actuales bandas: La Banda Qu\u00edmica y El Peor Bajista del Mundo en un recital que promete invitados sobre el escenario.<br \/>\nNo te pierdas la oportunidad de ver buen rock. Domingo 14 de julio, a las 19 horas, en Casa del Bicentenario. Entrada libre y gratuita<a data-ft=\"{&quot;tn&quot;:&quot;e&quot;}\">Ver m\u00e1s<\/a><\/p>\n<div><\/div>\n","protected":false},"excerpt":{"rendered":"<p>Dos ex Punto G presentan en vivo sus proyectos musicales El domingo 14 de julio, a las [&hellip;]<\/p>\n","protected":false},"author":3,"featured_media":10697,"comment_status":"closed","ping_status":"closed","sticky":false,"template":"","format":"standard","meta":{"_jetpack_memberships_contains_paid_content":false,"footnotes":"","jetpack_publicize_message":"","jetpack_publicize_feature_enabled":true,"jetpack_social_post_already_shared":false,"jetpack_social_options":{"image_generator_settings":{"template":"highway","enabled":false}}},"categories":[11],"tags":[],"jetpack_publicize_connections":[],"jetpack_sharing_enabled":true,"jetpack_featured_media_url":"http:\/\/enteculturalsantafesino.com.ar\/usina1\/wp-content\/uploads\/2013\/07\/1044304_323484454453335_1967692926_n.jpg","_links":{"self":[{"href":"http:\/\/enteculturalsantafesino.com.ar\/usina1\/wp-json\/wp\/v2\/posts\/10696"}],"collection":[{"href":"http:\/\/enteculturalsantafesino.com.ar\/usina1\/wp-json\/wp\/v2\/posts"}],"about":[{"href":"http:\/\/enteculturalsantafesino.com.ar\/usina1\/wp-json\/wp\/v2\/types\/post"}],"author":[{"embeddable":true,"href":"http:\/\/enteculturalsantafesino.com.ar\/usina1\/wp-json\/wp\/v2\/users\/3"}],"replies":[{"embeddable":true,"href":"http:\/\/enteculturalsantafesino.com.ar\/usina1\/wp-json\/wp\/v2\/comments?post=10696"}],"version-history":[{"count":0,"href":"http:\/\/enteculturalsantafesino.com.ar\/usina1\/wp-json\/wp\/v2\/posts\/10696\/revisions"}],"wp:featuredmedia":[{"embeddable":true,"href":"http:\/\/enteculturalsantafesino.com.ar\/usina1\/wp-json\/wp\/v2\/media\/10697"}],"wp:attachment":[{"href":"http:\/\/enteculturalsantafesino.com.ar\/usina1\/wp-json\/wp\/v2\/media?parent=10696"}],"wp:term":[{"taxonomy":"category","embeddable":true,"href":"http:\/\/enteculturalsantafesino.com.ar\/usina1\/wp-json\/wp\/v2\/categories?post=10696"},{"taxonomy":"post_tag","embeddable":true,"href":"http:\/\/enteculturalsantafesino.com.ar\/usina1\/wp-json\/wp\/v2\/tags?post=10696"}],"curies":[{"name":"wp","href":"https:\/\/api.w.org\/{rel}","templated":true}]}}