{"id":10703,"date":"2013-07-10T15:00:59","date_gmt":"2013-07-10T15:00:59","guid":{"rendered":"http:\/\/entecultura.com.ar\/usina1\/?p=10703"},"modified":"2013-07-10T15:00:59","modified_gmt":"2013-07-10T15:00:59","slug":"canada-de-gomez-todos-a-la-plaza","status":"publish","type":"post","link":"http:\/\/enteculturalsantafesino.com.ar\/usina1\/2013\/07\/canada-de-gomez-todos-a-la-plaza\/","title":{"rendered":"Ca\u00f1ada de G\u00f3mez: Todos a la Plaza!"},"content":{"rendered":"<p><a href=\"http:\/\/enteculturalsantafesino.com.ar\/usina1\/wp-content\/uploads\/2013\/07\/images.jpg\" rel=\"lightbox[10703]\"><img loading=\"lazy\" decoding=\"async\" class=\"alignright size-medium wp-image-10704\" alt=\"images\" src=\"http:\/\/enteculturalsantafesino.com.ar\/usina1\/wp-content\/uploads\/2013\/07\/images-300x122.jpg\" width=\"300\" height=\"122\" srcset=\"http:\/\/enteculturalsantafesino.com.ar\/usina1\/wp-content\/uploads\/2013\/07\/images-300x122.jpg 300w, http:\/\/enteculturalsantafesino.com.ar\/usina1\/wp-content\/uploads\/2013\/07\/images.jpg 351w\" sizes=\"(max-width: 300px) 100vw, 300px\" \/><\/a>Muchas actividades para disfrutar un Domingo en Familia en Vacaciones<\/p>\n<p>El domingo 14 de julio, a las 15 horas, en plaza San Mart\u00edn ven\u00ed en familia a vivir las Vacaciones con la Muni.<\/p>\n<p>Habr\u00e1 juegos, actividades recreativas, cuentos, golosinas y mucho mas.<\/p>\n<p>Las actividades para los m\u00e1s chicos contin\u00faan el martes 16, desde las 14 horas, en polideportivo V\u00edctor y Agulino Carbonari; el jueves 18, desde las 14 horas, en Barrio La Lomita; y cerramos las actividades de vacaciones el domingo 21, a las 14 horas, en plaza San Mart\u00edn.<\/p>\n","protected":false},"excerpt":{"rendered":"<p>Muchas actividades para disfrutar un Domingo en Familia en Vacaciones El domingo 14 de julio, a las [&hellip;]<\/p>\n","protected":false},"author":3,"featured_media":10705,"comment_status":"closed","ping_status":"closed","sticky":false,"template":"","format":"standard","meta":{"_jetpack_memberships_contains_paid_content":false,"footnotes":"","jetpack_publicize_message":"","jetpack_publicize_feature_enabled":true,"jetpack_social_post_already_shared":false,"jetpack_social_options":{"image_generator_settings":{"template":"highway","enabled":false}}},"categories":[11],"tags":[],"jetpack_publicize_connections":[],"jetpack_sharing_enabled":true,"jetpack_featured_media_url":"http:\/\/enteculturalsantafesino.com.ar\/usina1\/wp-content\/uploads\/2013\/07\/images1.jpg","_links":{"self":[{"href":"http:\/\/enteculturalsantafesino.com.ar\/usina1\/wp-json\/wp\/v2\/posts\/10703"}],"collection":[{"href":"http:\/\/enteculturalsantafesino.com.ar\/usina1\/wp-json\/wp\/v2\/posts"}],"about":[{"href":"http:\/\/enteculturalsantafesino.com.ar\/usina1\/wp-json\/wp\/v2\/types\/post"}],"author":[{"embeddable":true,"href":"http:\/\/enteculturalsantafesino.com.ar\/usina1\/wp-json\/wp\/v2\/users\/3"}],"replies":[{"embeddable":true,"href":"http:\/\/enteculturalsantafesino.com.ar\/usina1\/wp-json\/wp\/v2\/comments?post=10703"}],"version-history":[{"count":0,"href":"http:\/\/enteculturalsantafesino.com.ar\/usina1\/wp-json\/wp\/v2\/posts\/10703\/revisions"}],"wp:featuredmedia":[{"embeddable":true,"href":"http:\/\/enteculturalsantafesino.com.ar\/usina1\/wp-json\/wp\/v2\/media\/10705"}],"wp:attachment":[{"href":"http:\/\/enteculturalsantafesino.com.ar\/usina1\/wp-json\/wp\/v2\/media?parent=10703"}],"wp:term":[{"taxonomy":"category","embeddable":true,"href":"http:\/\/enteculturalsantafesino.com.ar\/usina1\/wp-json\/wp\/v2\/categories?post=10703"},{"taxonomy":"post_tag","embeddable":true,"href":"http:\/\/enteculturalsantafesino.com.ar\/usina1\/wp-json\/wp\/v2\/tags?post=10703"}],"curies":[{"name":"wp","href":"https:\/\/api.w.org\/{rel}","templated":true}]}}