{"id":10714,"date":"2013-07-10T16:34:55","date_gmt":"2013-07-10T16:34:55","guid":{"rendered":"http:\/\/entecultura.com.ar\/usina1\/?p=10714"},"modified":"2013-07-10T16:34:55","modified_gmt":"2013-07-10T16:34:55","slug":"la-embajada-argentina-en-paraguay-se-pinto-de-celeste-y-blanco-con-nuestros-artistas","status":"publish","type":"post","link":"http:\/\/enteculturalsantafesino.com.ar\/usina1\/2013\/07\/la-embajada-argentina-en-paraguay-se-pinto-de-celeste-y-blanco-con-nuestros-artistas\/","title":{"rendered":"La Embajada Argentina en Paraguay se pint\u00f3 de celeste y blanco con nuestros Artistas"},"content":{"rendered":"<p>El martes\u00a09 de julio desde\u00a0las 20.00hs, se present\u00f3 el Primer Encuentro Sudamericano de <a href=\"http:\/\/enteculturalsantafesino.com.ar\/usina1\/wp-content\/uploads\/2013\/07\/17588_522648991134628_871354116_n.jpg\" rel=\"lightbox[10714]\"><img loading=\"lazy\" decoding=\"async\" class=\"alignright size-medium wp-image-10715\" alt=\"17588_522648991134628_871354116_n\" src=\"http:\/\/enteculturalsantafesino.com.ar\/usina1\/wp-content\/uploads\/2013\/07\/17588_522648991134628_871354116_n-300x225.jpg\" width=\"300\" height=\"225\" srcset=\"http:\/\/enteculturalsantafesino.com.ar\/usina1\/wp-content\/uploads\/2013\/07\/17588_522648991134628_871354116_n-300x225.jpg 300w, http:\/\/enteculturalsantafesino.com.ar\/usina1\/wp-content\/uploads\/2013\/07\/17588_522648991134628_871354116_n.jpg 960w\" sizes=\"(max-width: 300px) 100vw, 300px\" \/><\/a><\/p>\n<p>M\u00fasica y Danza \u201cKunu\u2019\u00fb Folkl\u00f3rico\u201d, en el teatro de la\u00a0 Embajada Argentina. El evento fue organizado en el marco del\u00a0197\u00b0Aniversario de la\u00a0Declaraci\u00f3n de la Independencia Argentina.<\/p>\n<p>El Encuentro tiene como finalidad compartir la m\u00fasica, la danza y la cultura popular de nuestra regi\u00f3n\u00a0con amigos y familias. Participaron las Compa\u00f1\u00edas A\u00f1oranzas(Mar\u00eda Susana)\u00a0y Alma Argentina (Correa)\u00a0de la provincia de Santa Fe, Argentina, junto con el elenco Kunu\u2019\u00fb Saite de San Lorenzo y la Compa\u00f1\u00eda Caporales, conformada por bolivianos residentes en Paraguay.<\/p>\n<p>Cabe destacar que el Encuentro Kunu\u2019\u00fb Folkl\u00f3rico es un proyecto desarrollado por la Direcci\u00f3n de Acci\u00f3n Cultural y Turismo de la Municipalidad de Asunci\u00f3n junto con la Compa\u00f1\u00eda Kunu\u2019\u00fb Saite. Realizar\u00e1n una serie de presentaci<a href=\"http:\/\/enteculturalsantafesino.com.ar\/usina1\/wp-content\/uploads\/2013\/07\/1011023_522653337800860_429345345_n.jpg\" rel=\"lightbox[10714]\"><img loading=\"lazy\" decoding=\"async\" class=\"alignright size-medium wp-image-10716\" alt=\"1011023_522653337800860_429345345_n\" src=\"http:\/\/enteculturalsantafesino.com.ar\/usina1\/wp-content\/uploads\/2013\/07\/1011023_522653337800860_429345345_n-300x225.jpg\" width=\"300\" height=\"225\" srcset=\"http:\/\/enteculturalsantafesino.com.ar\/usina1\/wp-content\/uploads\/2013\/07\/1011023_522653337800860_429345345_n-300x225.jpg 300w, http:\/\/enteculturalsantafesino.com.ar\/usina1\/wp-content\/uploads\/2013\/07\/1011023_522653337800860_429345345_n.jpg 960w\" sizes=\"(max-width: 300px) 100vw, 300px\" \/><\/a>ones en varios municipios de la regi\u00f3n, llevando la m\u00fasica y la danza a distintas comunidades locales. La Escuela Comunal A\u00f1oranzas pertenece a la localidad de Mar\u00eda Susana, Santa Fe.\u00a0 Actualmente cuenta con m\u00e1s de 25 alumnos que aprenden y desarrollan los bailes t\u00edpicos, las costumbres y tradiciones de la regi\u00f3n.<\/p>\n<p>La Compa\u00f1\u00eda Alma Argentina es oriunda de la localidad de Correa, Santa Fe. Est\u00e1 compuesta por 13 artistas en escena, entre bailarines y cantantes, quienes desarrollan el cancionero provincial, nacional y regional.<\/p>\n<p>El baile y la m\u00fasica fueron expuestos en el Teatro Leopoldo Marechal de la Embajada Argentina, en avenida Espa\u00f1a y Per\u00fa, con una capacidad colmada de entusiastas que disfrutaron de un alto nivel cultural y art\u00edstico.<\/p>\n","protected":false},"excerpt":{"rendered":"<p>El martes\u00a09 de julio desde\u00a0las 20.00hs, se present\u00f3 el Primer Encuentro Sudamericano de M\u00fasica y Danza \u201cKunu\u2019\u00fb [&hellip;]<\/p>\n","protected":false},"author":3,"featured_media":10715,"comment_status":"closed","ping_status":"closed","sticky":false,"template":"","format":"standard","meta":{"_jetpack_memberships_contains_paid_content":false,"footnotes":"","jetpack_publicize_message":"","jetpack_publicize_feature_enabled":true,"jetpack_social_post_already_shared":false,"jetpack_social_options":{"image_generator_settings":{"template":"highway","enabled":false}}},"categories":[21,30],"tags":[36,35],"jetpack_publicize_connections":[],"jetpack_sharing_enabled":true,"jetpack_featured_media_url":"http:\/\/enteculturalsantafesino.com.ar\/usina1\/wp-content\/uploads\/2013\/07\/17588_522648991134628_871354116_n.jpg","_links":{"self":[{"href":"http:\/\/enteculturalsantafesino.com.ar\/usina1\/wp-json\/wp\/v2\/posts\/10714"}],"collection":[{"href":"http:\/\/enteculturalsantafesino.com.ar\/usina1\/wp-json\/wp\/v2\/posts"}],"about":[{"href":"http:\/\/enteculturalsantafesino.com.ar\/usina1\/wp-json\/wp\/v2\/types\/post"}],"author":[{"embeddable":true,"href":"http:\/\/enteculturalsantafesino.com.ar\/usina1\/wp-json\/wp\/v2\/users\/3"}],"replies":[{"embeddable":true,"href":"http:\/\/enteculturalsantafesino.com.ar\/usina1\/wp-json\/wp\/v2\/comments?post=10714"}],"version-history":[{"count":0,"href":"http:\/\/enteculturalsantafesino.com.ar\/usina1\/wp-json\/wp\/v2\/posts\/10714\/revisions"}],"wp:featuredmedia":[{"embeddable":true,"href":"http:\/\/enteculturalsantafesino.com.ar\/usina1\/wp-json\/wp\/v2\/media\/10715"}],"wp:attachment":[{"href":"http:\/\/enteculturalsantafesino.com.ar\/usina1\/wp-json\/wp\/v2\/media?parent=10714"}],"wp:term":[{"taxonomy":"category","embeddable":true,"href":"http:\/\/enteculturalsantafesino.com.ar\/usina1\/wp-json\/wp\/v2\/categories?post=10714"},{"taxonomy":"post_tag","embeddable":true,"href":"http:\/\/enteculturalsantafesino.com.ar\/usina1\/wp-json\/wp\/v2\/tags?post=10714"}],"curies":[{"name":"wp","href":"https:\/\/api.w.org\/{rel}","templated":true}]}}