{"id":10744,"date":"2013-07-12T20:04:22","date_gmt":"2013-07-12T20:04:22","guid":{"rendered":"http:\/\/entecultura.com.ar\/usina1\/?p=10744"},"modified":"2013-07-12T20:04:22","modified_gmt":"2013-07-12T20:04:22","slug":"san-genaro-cine-para-todos-segunda-funcion","status":"publish","type":"post","link":"http:\/\/enteculturalsantafesino.com.ar\/usina1\/2013\/07\/san-genaro-cine-para-todos-segunda-funcion\/","title":{"rendered":"San Genaro: Cine para Todos &#8211; Segunda Funci\u00f3n"},"content":{"rendered":"<p>Organizado por la Municipalidad de San Genaro desde la Coordinaci\u00f3n de Cultura<a href=\"http:\/\/enteculturalsantafesino.com.ar\/usina1\/wp-content\/uploads\/2013\/07\/1069896_600440013320429_809629773_n.jpg\" rel=\"lightbox[10744]\"><img loading=\"lazy\" decoding=\"async\" class=\"alignright size-medium wp-image-10745\" alt=\"1069896_600440013320429_809629773_n\" src=\"http:\/\/enteculturalsantafesino.com.ar\/usina1\/wp-content\/uploads\/2013\/07\/1069896_600440013320429_809629773_n-300x225.jpg\" width=\"300\" height=\"225\" srcset=\"http:\/\/enteculturalsantafesino.com.ar\/usina1\/wp-content\/uploads\/2013\/07\/1069896_600440013320429_809629773_n-300x225.jpg 300w, http:\/\/enteculturalsantafesino.com.ar\/usina1\/wp-content\/uploads\/2013\/07\/1069896_600440013320429_809629773_n.jpg 960w\" sizes=\"(max-width: 300px) 100vw, 300px\" \/><\/a><\/p>\n<p style=\"text-align: left;\">se llev\u00f3 a cabo la 2\u00ba Jornada de Cine Gratuito, esta vez la cita fue en el Sal\u00f3n Social del Club Atl\u00e9tico San Genaro.<\/p>\n<p>Este evento est\u00e1 enmarcado dentro de la Agenda Cultural de Vacaciones de Invierno preparada por el municipio. Hoy se proyect\u00f3 \u201cRalph el demoledor\u201d.<\/p>\n<p>La actividad contin\u00faa el d\u00eda s\u00e1bado 13 se realizar\u00e1 en el Club Sportivo Rivadavia una funci\u00f3n de T\u00cdTERES a cargo del Grupo \u201cViruta y Sudor\u201d. El Cine retorna con dos nuevas funciones el Martes 16 en el Sal\u00f3n Parroquial y Jueves 18 en el Sal\u00f3n del CASG. Cerrando la agenda el s\u00e1bado 20 con un show sorpresa para todos los chicos en la Feria Permanente de Artesanos y Emprendedores sangenarinos<\/p>\n","protected":false},"excerpt":{"rendered":"<p>Organizado por la Municipalidad de San Genaro desde la Coordinaci\u00f3n de Cultura se llev\u00f3 a cabo la [&hellip;]<\/p>\n","protected":false},"author":3,"featured_media":10745,"comment_status":"closed","ping_status":"closed","sticky":false,"template":"","format":"standard","meta":{"_jetpack_memberships_contains_paid_content":false,"footnotes":"","jetpack_publicize_message":"","jetpack_publicize_feature_enabled":true,"jetpack_social_post_already_shared":false,"jetpack_social_options":{"image_generator_settings":{"template":"highway","enabled":false}}},"categories":[28],"tags":[],"jetpack_publicize_connections":[],"jetpack_sharing_enabled":true,"jetpack_featured_media_url":"http:\/\/enteculturalsantafesino.com.ar\/usina1\/wp-content\/uploads\/2013\/07\/1069896_600440013320429_809629773_n.jpg","_links":{"self":[{"href":"http:\/\/enteculturalsantafesino.com.ar\/usina1\/wp-json\/wp\/v2\/posts\/10744"}],"collection":[{"href":"http:\/\/enteculturalsantafesino.com.ar\/usina1\/wp-json\/wp\/v2\/posts"}],"about":[{"href":"http:\/\/enteculturalsantafesino.com.ar\/usina1\/wp-json\/wp\/v2\/types\/post"}],"author":[{"embeddable":true,"href":"http:\/\/enteculturalsantafesino.com.ar\/usina1\/wp-json\/wp\/v2\/users\/3"}],"replies":[{"embeddable":true,"href":"http:\/\/enteculturalsantafesino.com.ar\/usina1\/wp-json\/wp\/v2\/comments?post=10744"}],"version-history":[{"count":0,"href":"http:\/\/enteculturalsantafesino.com.ar\/usina1\/wp-json\/wp\/v2\/posts\/10744\/revisions"}],"wp:featuredmedia":[{"embeddable":true,"href":"http:\/\/enteculturalsantafesino.com.ar\/usina1\/wp-json\/wp\/v2\/media\/10745"}],"wp:attachment":[{"href":"http:\/\/enteculturalsantafesino.com.ar\/usina1\/wp-json\/wp\/v2\/media?parent=10744"}],"wp:term":[{"taxonomy":"category","embeddable":true,"href":"http:\/\/enteculturalsantafesino.com.ar\/usina1\/wp-json\/wp\/v2\/categories?post=10744"},{"taxonomy":"post_tag","embeddable":true,"href":"http:\/\/enteculturalsantafesino.com.ar\/usina1\/wp-json\/wp\/v2\/tags?post=10744"}],"curies":[{"name":"wp","href":"https:\/\/api.w.org\/{rel}","templated":true}]}}