{"id":10748,"date":"2013-07-12T20:07:57","date_gmt":"2013-07-12T20:07:57","guid":{"rendered":"http:\/\/entecultura.com.ar\/usina1\/?p=10748"},"modified":"2013-07-12T20:26:04","modified_gmt":"2013-07-12T20:26:04","slug":"san-jorge-programacion-del-olga-subarry-para-este-fin-de-semana","status":"publish","type":"post","link":"http:\/\/enteculturalsantafesino.com.ar\/usina1\/2013\/07\/san-jorge-programacion-del-olga-subarry-para-este-fin-de-semana\/","title":{"rendered":"San Jorge: Programaci\u00f3n del Olga Zubarry para este fin de semana"},"content":{"rendered":"<div>\n<p style=\"text-align: left;\">La Coordinadora de la Sala de Cine \u201cOlga Zubarry\u201d te invita a disfrutar este fin de semana de<a href=\"http:\/\/enteculturalsantafesino.com.ar\/usina1\/wp-content\/uploads\/2013\/07\/150x86-images-stories-guerra-mundial-z.jpg\" rel=\"lightbox[10748]\"><img loading=\"lazy\" decoding=\"async\" class=\"alignright size-full wp-image-10750\" alt=\"150x86-images-stories-guerra-mundial-z\" src=\"http:\/\/enteculturalsantafesino.com.ar\/usina1\/wp-content\/uploads\/2013\/07\/150x86-images-stories-guerra-mundial-z.jpg\" width=\"150\" height=\"86\" \/><\/a> \u00a0<a href=\"http:\/\/enteculturalsantafesino.com.ar\/usina1\/wp-content\/uploads\/2013\/07\/150x84-images-stories-monsters.jpg\" rel=\"lightbox[10748]\"><img loading=\"lazy\" decoding=\"async\" class=\"alignright size-full wp-image-10749\" alt=\"150x84-images-stories-monsters\" src=\"http:\/\/enteculturalsantafesino.com.ar\/usina1\/wp-content\/uploads\/2013\/07\/150x84-images-stories-monsters.jpg\" width=\"150\" height=\"84\" \/><\/a><\/p>\n<\/div>\n<div style=\"text-align: left;\"><\/div>\n<p style=\"text-align: left;\">Conoc\u00e9 los horarios:\u201cMonsters University\u201d y \u201cGuerra Mundial Z\u201d.<\/p>\n<p style=\"text-align: left;\">\u00a0<b><span style=\"text-decoration: underline;\">MONSTERS UNIVERSITY<\/span><\/b><\/p>\n<p style=\"text-align: left;\" align=\"center\">DURACION: 110 Minutos\u00a0 &#8211; Apta para todo p\u00fablico con reservas<\/p>\n<p style=\"text-align: left;\" align=\"center\"><b>VIERNES 12\/07\u00a0\u00a0\u00a0 17:00 hs<\/b><\/p>\n<p style=\"text-align: left;\" align=\"center\"><b>S\u00c1BADO\u00a0 13\/07\u00a0\u00a0\u00a0 16:00 hs \u2013 18:00 hs<\/b><\/p>\n<p style=\"text-align: left;\" align=\"center\"><b>DOMINGO\u00a0 14\/07\u00a0\u00a0 16:00 hs &#8211; 18:00 hs<\/b><\/p>\n<p style=\"text-align: left;\" align=\"center\"><b><span style=\"text-decoration: underline;\">GUERRA MUNDIAL Z<\/span><\/b><\/p>\n<p style=\"text-align: left;\" align=\"center\">GENERO: Terror, Drama, Acci\u00f3n &#8211; DURACION: 116 Minutos &#8211; Apta mayores de 13 a\u00f1os con reservas<\/p>\n<p style=\"text-align: left;\" align=\"center\"><b>VIERNES 12\/07\u00a0 22:00 hs<\/b><\/p>\n<p style=\"text-align: left;\" align=\"center\"><b>S\u00c1BADO\u00a0 13\/07\u00a0\u00a0 22:00 hs<\/b><\/p>\n<p style=\"text-align: left;\" align=\"center\"><b>DOMINGO\u00a0 14\/07\u00a0 21:30 hs<\/b><\/p>\n<p style=\"text-align: left;\">Ingreso general $20.-<\/p>\n<p style=\"text-align: left;\"><b>LA BOLETER\u00cdA SE ABRIR\u00c1 NA HORA ANTES DE CADA FUNCI\u00d3N.<\/b><\/p>\n<p style=\"text-align: left;\">Los esperamos en el cine. Muchas gracias.<\/p>\n<p>&nbsp;<\/p>\n","protected":false},"excerpt":{"rendered":"<p>La Coordinadora de la Sala de Cine \u201cOlga Zubarry\u201d te invita a disfrutar este fin de semana [&hellip;]<\/p>\n","protected":false},"author":3,"featured_media":10749,"comment_status":"closed","ping_status":"closed","sticky":false,"template":"","format":"standard","meta":{"_jetpack_memberships_contains_paid_content":false,"footnotes":"","jetpack_publicize_message":"","jetpack_publicize_feature_enabled":true,"jetpack_social_post_already_shared":false,"jetpack_social_options":{"image_generator_settings":{"template":"highway","enabled":false}}},"categories":[16],"tags":[],"jetpack_publicize_connections":[],"jetpack_sharing_enabled":true,"jetpack_featured_media_url":"http:\/\/enteculturalsantafesino.com.ar\/usina1\/wp-content\/uploads\/2013\/07\/150x84-images-stories-monsters.jpg","_links":{"self":[{"href":"http:\/\/enteculturalsantafesino.com.ar\/usina1\/wp-json\/wp\/v2\/posts\/10748"}],"collection":[{"href":"http:\/\/enteculturalsantafesino.com.ar\/usina1\/wp-json\/wp\/v2\/posts"}],"about":[{"href":"http:\/\/enteculturalsantafesino.com.ar\/usina1\/wp-json\/wp\/v2\/types\/post"}],"author":[{"embeddable":true,"href":"http:\/\/enteculturalsantafesino.com.ar\/usina1\/wp-json\/wp\/v2\/users\/3"}],"replies":[{"embeddable":true,"href":"http:\/\/enteculturalsantafesino.com.ar\/usina1\/wp-json\/wp\/v2\/comments?post=10748"}],"version-history":[{"count":0,"href":"http:\/\/enteculturalsantafesino.com.ar\/usina1\/wp-json\/wp\/v2\/posts\/10748\/revisions"}],"wp:featuredmedia":[{"embeddable":true,"href":"http:\/\/enteculturalsantafesino.com.ar\/usina1\/wp-json\/wp\/v2\/media\/10749"}],"wp:attachment":[{"href":"http:\/\/enteculturalsantafesino.com.ar\/usina1\/wp-json\/wp\/v2\/media?parent=10748"}],"wp:term":[{"taxonomy":"category","embeddable":true,"href":"http:\/\/enteculturalsantafesino.com.ar\/usina1\/wp-json\/wp\/v2\/categories?post=10748"},{"taxonomy":"post_tag","embeddable":true,"href":"http:\/\/enteculturalsantafesino.com.ar\/usina1\/wp-json\/wp\/v2\/tags?post=10748"}],"curies":[{"name":"wp","href":"https:\/\/api.w.org\/{rel}","templated":true}]}}