{"id":10761,"date":"2013-07-13T22:47:09","date_gmt":"2013-07-13T22:47:09","guid":{"rendered":"http:\/\/entecultura.com.ar\/usina1\/?p=10761"},"modified":"2013-07-13T22:47:09","modified_gmt":"2013-07-13T22:47:09","slug":"el-trebol-se-inauguro-la-fantastica-muestra-de-oslo-lombardo-en-el-museo","status":"publish","type":"post","link":"http:\/\/enteculturalsantafesino.com.ar\/usina1\/2013\/07\/el-trebol-se-inauguro-la-fantastica-muestra-de-oslo-lombardo-en-el-museo\/","title":{"rendered":"El Tr\u00e9bol: Se inaugur\u00f3 la fant\u00e1stica muestra de \u201cOslo\u201d Lombardo en el Museo"},"content":{"rendered":"<p>Fue en la tarde-noche de este Viernes ante un lleno total.<a href=\"http:\/\/enteculturalsantafesino.com.ar\/usina1\/wp-content\/uploads\/2013\/07\/timthumb.jpg\" rel=\"lightbox[10761]\"><img loading=\"lazy\" decoding=\"async\" class=\"alignright size-full wp-image-10762\" alt=\"timthumb\" src=\"http:\/\/enteculturalsantafesino.com.ar\/usina1\/wp-content\/uploads\/2013\/07\/timthumb.jpg\" width=\"190\" height=\"160\" \/><\/a><\/p>\n<p>Una vez m\u00e1s el Museo cautiv\u00f3 a toda una comunidad y esta vez con una muestra \u00fanica, sin precedentes y realmente fant\u00e1stica: La de \u201cOslo\u201d Lombardo.<\/p>\n<p>Chicos, adolescentes y grandes, hombres y mujeres, familias enteras y tambi\u00e9n grupos de amigos colmaron la Sala de Exposiciones y disfrutaron al 100% de las creaciones del \u201cInventor del pueblo\u201d.<\/p>\n<p>Soledad Rosso y Alejandra Vismara recibieron al p\u00fablico con unas palabras en el hall de ingreso y tras la proyecci\u00f3n de un video, se dio apertura a la muestra.<\/p>\n<p>Viendo los rostros, la sorpresa y los gestos de todos al ingresar a la exposici\u00f3n, fue como si se hubiera dado el paso a un mundo m\u00e1gico. Y as\u00ed lo fue.<\/p>\n<p>M\u00e1s de 40 r\u00e9plicas en escalas entre las que se encontraban autos, motores, una planta de silos, tractores, una cosechadora, un parque de diversiones y muchas cosas m\u00e1s.<\/p>\n<p>Es dif\u00edcil de explicarlo en esta redacci\u00f3n y por eso les pido que la visiten y la recorran. Cr\u00e9anme que no les miento.<\/p>\n<p>Imaginaci\u00f3n, arte y calidad en su estado m\u00e1s puro.<\/p>\n<p>\u201cA m\u00ed me gustar\u00eda que alg\u00fan d\u00eda, alg\u00fan chico tenga la iniciativa de seguir con estas cosas. Yo estoy jubilado y lo hago como un pasatiempo, pero ser\u00eda bueno que a ra\u00edz de esta muestra alguien se entusiasme y vea que todo es posible\u201d, fue la frase que Osvaldo expuso en la sala.<\/p>\n<p>Por su parte, la encargada del Museo, Sole Rosso, expres\u00f3: \u201cEs una muestra muy esperada y deseada por todos nosotros desde hace varios a\u00f1os. Gracias a Dios Osvaldo nos dijo que s\u00ed y pudimos armarla. Adem\u00e1s, es la primera vez que expone todos sus objetos juntos y estamos muy contentos por eso\u201d.<\/p>\n<p>\u201cNo tenemos dudas de que va a ser un \u00e9xito y la recomendamos a todos. Estar\u00e1 abierta todo Julio y todo Agosto. Los chicos pueden visitarla ahora en vacaciones los Lunes, Mi\u00e9rcoles y Viernes por la tarde y sino, los S\u00e1bados y Domingos el Museo abre sus puertas desde las 17 hs para toda la gente\u201d, finaliz\u00f3.<\/p>\n<p>fuente: www.radioeltrebol.com.ar<\/p>\n","protected":false},"excerpt":{"rendered":"<p>Fue en la tarde-noche de este Viernes ante un lleno total. Una vez m\u00e1s el Museo cautiv\u00f3 [&hellip;]<\/p>\n","protected":false},"author":3,"featured_media":10763,"comment_status":"closed","ping_status":"closed","sticky":false,"template":"","format":"standard","meta":{"_jetpack_memberships_contains_paid_content":false,"footnotes":"","jetpack_publicize_message":"","jetpack_publicize_feature_enabled":true,"jetpack_social_post_already_shared":false,"jetpack_social_options":{"image_generator_settings":{"template":"highway","enabled":false}}},"categories":[18],"tags":[],"jetpack_publicize_connections":[],"jetpack_sharing_enabled":true,"jetpack_featured_media_url":"http:\/\/enteculturalsantafesino.com.ar\/usina1\/wp-content\/uploads\/2013\/07\/2.jpg","_links":{"self":[{"href":"http:\/\/enteculturalsantafesino.com.ar\/usina1\/wp-json\/wp\/v2\/posts\/10761"}],"collection":[{"href":"http:\/\/enteculturalsantafesino.com.ar\/usina1\/wp-json\/wp\/v2\/posts"}],"about":[{"href":"http:\/\/enteculturalsantafesino.com.ar\/usina1\/wp-json\/wp\/v2\/types\/post"}],"author":[{"embeddable":true,"href":"http:\/\/enteculturalsantafesino.com.ar\/usina1\/wp-json\/wp\/v2\/users\/3"}],"replies":[{"embeddable":true,"href":"http:\/\/enteculturalsantafesino.com.ar\/usina1\/wp-json\/wp\/v2\/comments?post=10761"}],"version-history":[{"count":0,"href":"http:\/\/enteculturalsantafesino.com.ar\/usina1\/wp-json\/wp\/v2\/posts\/10761\/revisions"}],"wp:featuredmedia":[{"embeddable":true,"href":"http:\/\/enteculturalsantafesino.com.ar\/usina1\/wp-json\/wp\/v2\/media\/10763"}],"wp:attachment":[{"href":"http:\/\/enteculturalsantafesino.com.ar\/usina1\/wp-json\/wp\/v2\/media?parent=10761"}],"wp:term":[{"taxonomy":"category","embeddable":true,"href":"http:\/\/enteculturalsantafesino.com.ar\/usina1\/wp-json\/wp\/v2\/categories?post=10761"},{"taxonomy":"post_tag","embeddable":true,"href":"http:\/\/enteculturalsantafesino.com.ar\/usina1\/wp-json\/wp\/v2\/tags?post=10761"}],"curies":[{"name":"wp","href":"https:\/\/api.w.org\/{rel}","templated":true}]}}